{"id":87797,"date":"2023-09-14T09:55:46","date_gmt":"2023-09-14T12:55:46","guid":{"rendered":"https:\/\/corrientesdetarde.com\/?p=87797"},"modified":"2023-09-14T09:55:47","modified_gmt":"2023-09-14T12:55:47","slug":"quien-es-el-empresario-que-se-disfrazo-de-payaso-y-se-encadeno-en-la-secretaria-de-comercio","status":"publish","type":"post","link":"https:\/\/corrientesdetarde.com\/index.php\/sociales\/quien-es-el-empresario-que-se-disfrazo-de-payaso-y-se-encadeno-en-la-secretaria-de-comercio\/","title":{"rendered":"Qui\u00e9n es el empresario que se disfraz\u00f3 de payaso y se encaden\u00f3 en la Secretar\u00eda de Comercio"},"content":{"rendered":"\n<p>Un empresario\u00a0se disfraz\u00f3 de payaso y se encaden\u00f3 a una silla del hall de la\u00a0Secretar\u00eda de Comercio\u00a0para reclamar que no le permiten ingresar al pa\u00eds los productos necesarios para que su empresa funcione con normalidad.<\/p>\n\n\n\n<p>Se trata de\u00a0<strong>Ariel P\u00e9rez,<\/strong>\u00a0due\u00f1o de la firma<strong>\u00a0Aerog\u00e1lvez SRL<\/strong>, una empresa que se dedica a la comercializaci\u00f3n de<strong>\u00a0combustibles de avi\u00f3n\u00a0<\/strong>y que depende exclusivamente de las importaciones para poder seguir trabajando.<\/p>\n\n\n\n<p>Cansado de las trabas que le pon\u00eda el Sistema de Importaciones de la Rep\u00fablica Argentina (SIRA), P\u00e9rez decidi\u00f3 tomar la extrema medida<strong>: se puso una peluca azul, una nariz de payaso roja y se encaden\u00f3 en el hall del edificio<\/strong>\u00a0hasta ser recibido por el titular de la cartera,\u00a0Mat\u00edas Tombolini.<\/p>\n\n\n\n<p>Ya encadenado a una de las sillas del edificio ubicado en Presidente Julio A. Roca, 651, P\u00e9rez cont\u00f3 que llev\u00f3 consigo todo lo necesario para pasar la madrugada en caso de que Tombolini no lo recibiera a la brevedad.<strong>&nbsp;\u201cMe disfrac\u00e9 de payaso para estar a la altura de las autoridades\u201d<\/strong>, explic\u00f3 sobre su particular accionar en una charla telef\u00f3nica con LN+.<\/p>\n\n\n\n<p>Al mismo tiempo, dijo que el Gobierno no le aprueba desde&nbsp;<strong>hace tres meses los permisos necesarios para acceder a los d\u00f3lares<\/strong>&nbsp;que necesita para llevar a cabo las importaciones y que, por ese motivo, su f\u00e1brica trabaja al 5% de su capacidad.<\/p>\n\n\n\n<p>\u201cLo \u00fanico que me interesa es salvar a mi empresa, mis empleados, que&nbsp;<strong>hace cinco meses venimos padeciendo un tormento por no tener los d\u00f3lares&nbsp;<\/strong>para poder financiarnos en el exterior\u201d, dijo sobre los motivos que lo impulsaron a tomar la medida.<\/p>\n\n\n\n<figure class=\"wp-block-image\"><img decoding=\"async\" src=\"https:\/\/tn.com.ar\/resizer\/PS7sylTLfbq4dhAVSa39NHcH808=\/767x0\/smart\/filters:format(webp)\/cloudfront-us-east-1.images.arcpublishing.com\/artear\/5OZYPBVA2FC75MZQMDMNL3EEPQ.jpg\" alt=\"Ariel P\u00e9rez reclam\u00f3 que hace tres meses no le liberan los d\u00f3lares para importar productos.\"\/><figcaption>Ariel P\u00e9rez reclam\u00f3 que hace tres meses no le liberan los d\u00f3lares para importar productos.<\/figcaption><\/figure>\n\n\n\n<p>P\u00e9rez revel\u00f3 que no es la primera vez que recurre a esta pr\u00e1ctica para presionar al Gobierno a que le den los permisos. El empresario cont\u00f3 qu<strong>e cinco meses atr\u00e1s se encaden\u00f3 porque no le pod\u00eda dar d\u00f3lares a un proveedor&nbsp;<\/strong>que hab\u00eda llegado desde Polonia.<\/p>\n\n\n\n<p>\u201cTuve la suerte de que me liberaron esa vez. Despu\u00e9s de dos o tres veces m\u00e1s,&nbsp;<strong>me fueron dando \u2018puchitos\u2019,&nbsp;<\/strong>pero ahora hace tres meses no tengo los permisos\u201d, expres\u00f3 el due\u00f1o de Aerog\u00e1lvez, quien decidi\u00f3 retomar la protesta.<\/p>\n\n\n\n<p>En esa misma l\u00ednea le pidi\u00f3 a los funcionarios de la Secretar\u00eda de Comercio que \u201ctomen cartas en el asunto\u201d porque, seg\u00fan dijo, no es el \u00fanico con el mismo problema. \u201cHan hecho una telara\u00f1a para no girar d\u00f3lares al exterior tan grande que ni ellos ahora deben saber como desenredarla\u201d, remarc\u00f3.<\/p>\n\n\n\n<p>\u201cMe encaden\u00e9 porque no tengo m\u00e1s nada que perder.&nbsp;<strong>Hipotequ\u00e9 hasta mi casa para poder mantener todo esto y no echar a nadie<\/strong>. En mi empresa somos como 50 familias, de manera directa o indirecta. Ahora no tenemos producto. Nosotros operamos en aeropuertos regionales donde ninguna petrolera va.&nbsp;<strong>Para YPF hay d\u00f3lares, pero para Aerogalvez no<\/strong>\u201d.<\/p>\n","protected":false},"excerpt":{"rendered":"<p>Un empresario\u00a0se disfraz\u00f3 de payaso y se encaden\u00f3 a una silla del hall de la\u00a0Secretar\u00eda de Comercio\u00a0para reclamar que no le permiten ingresar al pa\u00eds los productos necesarios para que&hellip; <\/p>\n","protected":false},"author":12,"featured_media":87798,"comment_status":"closed","ping_status":"open","sticky":false,"template":"","format":"standard","meta":{"footnotes":""},"categories":[17],"tags":[],"class_list":["post-87797","post","type-post","status-publish","format-standard","has-post-thumbnail","hentry","category-sociales"],"_links":{"self":[{"href":"https:\/\/corrientesdetarde.com\/index.php\/wp-json\/wp\/v2\/posts\/87797","targetHints":{"allow":["GET"]}}],"collection":[{"href":"https:\/\/corrientesdetarde.com\/index.php\/wp-json\/wp\/v2\/posts"}],"about":[{"href":"https:\/\/corrientesdetarde.com\/index.php\/wp-json\/wp\/v2\/types\/post"}],"author":[{"embeddable":true,"href":"https:\/\/corrientesdetarde.com\/index.php\/wp-json\/wp\/v2\/users\/12"}],"replies":[{"embeddable":true,"href":"https:\/\/corrientesdetarde.com\/index.php\/wp-json\/wp\/v2\/comments?post=87797"}],"version-history":[{"count":1,"href":"https:\/\/corrientesdetarde.com\/index.php\/wp-json\/wp\/v2\/posts\/87797\/revisions"}],"predecessor-version":[{"id":87801,"href":"https:\/\/corrientesdetarde.com\/index.php\/wp-json\/wp\/v2\/posts\/87797\/revisions\/87801"}],"wp:featuredmedia":[{"embeddable":true,"href":"https:\/\/corrientesdetarde.com\/index.php\/wp-json\/wp\/v2\/media\/87798"}],"wp:attachment":[{"href":"https:\/\/corrientesdetarde.com\/index.php\/wp-json\/wp\/v2\/media?parent=87797"}],"wp:term":[{"taxonomy":"category","embeddable":true,"href":"https:\/\/corrientesdetarde.com\/index.php\/wp-json\/wp\/v2\/categories?post=87797"},{"taxonomy":"post_tag","embeddable":true,"href":"https:\/\/corrientesdetarde.com\/index.php\/wp-json\/wp\/v2\/tags?post=87797"}],"curies":[{"name":"wp","href":"https:\/\/api.w.org\/{rel}","templated":true}]}}