{"id":87829,"date":"2023-09-14T11:19:23","date_gmt":"2023-09-14T14:19:23","guid":{"rendered":"https:\/\/corrientesdetarde.com\/?p=87829"},"modified":"2023-09-14T11:19:25","modified_gmt":"2023-09-14T14:19:25","slug":"ignacio-pena-dio-una-charla-a-los-participantes-de-tecnicar","status":"publish","type":"post","link":"https:\/\/corrientesdetarde.com\/index.php\/educacion\/ignacio-pena-dio-una-charla-a-los-participantes-de-tecnicar\/","title":{"rendered":"Ignacio Pe\u00f1a dio una charla a los participantes de Tecnicar"},"content":{"rendered":"\n<p>La ministra de educaci\u00f3n Pr\u00e1xedes L\u00f3pez acompa\u00f1\u00f3 la conferencia &#8220;Surfeando el futuro&#8221; del fundador de Surfing Tsunamis Ignacio Pe\u00f1a. La actividad tuvo lugar en el Auditorio Juan Zini del Banco de Corrientes y cont\u00f3 con la presencia de docentes, directivos y alumnos participantes de Tecnicar.<\/p>\n\n\n\n<p>Durante la charla, el especialista habl\u00f3 de la importancia de crear un futuro abundante, inclusivo y regenerativo con la innovaci\u00f3n y la tecnolog\u00eda.<\/p>\n\n\n\n<p>\u201cRealmente hicimos un trabajo de ingenier\u00eda para poder contar hoy con Ignacio Pe\u00f1a\u201d, dijo la ministra de Educaci\u00f3n y resalt\u00f3 el notable curr\u00edculum del especialista. \u201cEste jornada es una realidad gracias al Gobierno de la Provincia que posibilita que los alumnos est\u00e9n en Corrientes\u201d, remarc\u00f3 y agreg\u00f3: \u201cLes traigo un saludo del gobernador Gustavo Vald\u00e9s que seguramente nos va a acompa\u00f1ar en este desaf\u00edo\u201d.<\/p>\n\n\n\n<p>Con respecto a la presencia de Ignacio Pe\u00f1a en Corrientes, la funcionaria manifest\u00f3: \u201cLa primera vez que escuche a Ignacio me impact\u00f3, as\u00ed que espero que hoy todos lo puedan disfrutar y aprender\u201d y dijo: \u201cGracias Ignacio por ser parte de este evento tan importante para Corrientes y por ser parte de este eje de gesti\u00f3n que tiene que ver con la incorporaci\u00f3n de tecnolog\u00eda, educaci\u00f3n digital y por promover en nuestros estudiantes y docentes esas capacitaciones que necesitamos\u201d.<\/p>\n\n\n\n<p>Durante la charla Ignacio Pe\u00f1a habl\u00f3 de los usos de la inteligencia artificial, la biotecnolog\u00eda, la nanotecnolog\u00eda, la rob\u00f3tica, el blockchain y otras herramientas. Tambi\u00e9n anim\u00f3 a los presentes a ser surfistas del futuro, que sue\u00f1an, experimentan y emprenden proyectos de impacto positivo.<\/p>\n\n\n\n<figure class=\"wp-block-image size-large\"><img loading=\"lazy\" decoding=\"async\" width=\"1024\" height=\"682\" src=\"https:\/\/corrientesdetarde.com\/wp-content\/uploads\/2023\/09\/image-337-1024x682.png\" alt=\"\" class=\"wp-image-87830\" srcset=\"https:\/\/corrientesdetarde.com\/wp-content\/uploads\/2023\/09\/image-337-1024x682.png 1024w, https:\/\/corrientesdetarde.com\/wp-content\/uploads\/2023\/09\/image-337-300x200.png 300w, https:\/\/corrientesdetarde.com\/wp-content\/uploads\/2023\/09\/image-337-768x512.png 768w, https:\/\/corrientesdetarde.com\/wp-content\/uploads\/2023\/09\/image-337.png 1280w\" sizes=\"auto, (max-width: 1024px) 100vw, 1024px\" \/><\/figure>\n","protected":false},"excerpt":{"rendered":"<p>La ministra de educaci\u00f3n Pr\u00e1xedes L\u00f3pez acompa\u00f1\u00f3 la conferencia &#8220;Surfeando el futuro&#8221; del fundador de Surfing Tsunamis Ignacio Pe\u00f1a. La actividad tuvo lugar en el Auditorio Juan Zini del Banco&hellip; <\/p>\n","protected":false},"author":1,"featured_media":87831,"comment_status":"closed","ping_status":"open","sticky":false,"template":"","format":"standard","meta":{"footnotes":""},"categories":[32],"tags":[],"class_list":["post-87829","post","type-post","status-publish","format-standard","has-post-thumbnail","hentry","category-educacion"],"_links":{"self":[{"href":"https:\/\/corrientesdetarde.com\/index.php\/wp-json\/wp\/v2\/posts\/87829","targetHints":{"allow":["GET"]}}],"collection":[{"href":"https:\/\/corrientesdetarde.com\/index.php\/wp-json\/wp\/v2\/posts"}],"about":[{"href":"https:\/\/corrientesdetarde.com\/index.php\/wp-json\/wp\/v2\/types\/post"}],"author":[{"embeddable":true,"href":"https:\/\/corrientesdetarde.com\/index.php\/wp-json\/wp\/v2\/users\/1"}],"replies":[{"embeddable":true,"href":"https:\/\/corrientesdetarde.com\/index.php\/wp-json\/wp\/v2\/comments?post=87829"}],"version-history":[{"count":1,"href":"https:\/\/corrientesdetarde.com\/index.php\/wp-json\/wp\/v2\/posts\/87829\/revisions"}],"predecessor-version":[{"id":87832,"href":"https:\/\/corrientesdetarde.com\/index.php\/wp-json\/wp\/v2\/posts\/87829\/revisions\/87832"}],"wp:featuredmedia":[{"embeddable":true,"href":"https:\/\/corrientesdetarde.com\/index.php\/wp-json\/wp\/v2\/media\/87831"}],"wp:attachment":[{"href":"https:\/\/corrientesdetarde.com\/index.php\/wp-json\/wp\/v2\/media?parent=87829"}],"wp:term":[{"taxonomy":"category","embeddable":true,"href":"https:\/\/corrientesdetarde.com\/index.php\/wp-json\/wp\/v2\/categories?post=87829"},{"taxonomy":"post_tag","embeddable":true,"href":"https:\/\/corrientesdetarde.com\/index.php\/wp-json\/wp\/v2\/tags?post=87829"}],"curies":[{"name":"wp","href":"https:\/\/api.w.org\/{rel}","templated":true}]}}