{"id":87893,"date":"2023-09-14T15:19:17","date_gmt":"2023-09-14T18:19:17","guid":{"rendered":"https:\/\/corrientesdetarde.com\/?p=87893"},"modified":"2023-09-14T15:19:28","modified_gmt":"2023-09-14T18:19:28","slug":"una-decision-de-la-argentina-acelera-el-fallo-definitivo-en-contra-del-pais-por-la-expropiacion-de-ypf","status":"publish","type":"post","link":"https:\/\/corrientesdetarde.com\/index.php\/nacionales\/una-decision-de-la-argentina-acelera-el-fallo-definitivo-en-contra-del-pais-por-la-expropiacion-de-ypf\/","title":{"rendered":"Una decisi\u00f3n de la Argentina acelera el fallo definitivo en contra del pa\u00eds por la expropiaci\u00f3n de YPF"},"content":{"rendered":"\n<p>La jueza Loretta Preska est\u00e1 en condiciones de firmar la sentencia adversa para el pa\u00eds desde hoy. La magistrada le dio la raz\u00f3n a los demandantes y la Argentina deber\u00eda pagar m\u00e1s de US$16.000 millones.<a href=\"https:\/\/tn.com.ar\/autor\/memanfredi\/\"><\/a><\/p>\n\n\n\n<p>La Argentina se neg\u00f3 a participar en la redacci\u00f3n del fallo de la jueza\u00a0<strong>Loretta Preska\u00a0<\/strong>por el juicio que se sigue contra el pa\u00eds en los tribunales de Nueva York por la expropiaci\u00f3n de\u00a0<strong>YPF<\/strong>. A partir de ello, la magistrada est\u00e1 en condiciones de publicarlo y\u00a0<strong>dejar firme la sentencia<\/strong>\u00a0que obliga a la Argentina a pagar m\u00e1s de US$16.000millones.<\/p>\n\n\n\n<p>\u201cLa decisi\u00f3n de la Argentina no participar de la redacci\u00f3n del fallo\u00a0<strong>agiliza su publicaci\u00f3n<\/strong>, podr\u00eda salir hoy si Preska quisiera\u201d, explic\u00f3 a\u00a0,\u00a0<strong>Sebasti\u00e1n Maril<\/strong>, de\u00a0<em>Latam Advisors<\/em>. El especialista, que sigui\u00f3 el juicio en Nueva York, prev\u00e9 que la jueza deje firme la sentencia con los costos propuestos por los demandantes, que ascienden a US$16.097 millones al d\u00eda de hoy.<\/p>\n\n\n\n<p>El fallo se conoci\u00f3 en agosto, tras ocho a\u00f1os de litigio y un juicio de tres d\u00edas realizado en julio.&nbsp;<strong>La Argentina apelar\u00e1&nbsp;<\/strong>en octubre a trav\u00e9s de la Procuraci\u00f3n del Tesoro, seg\u00fan adelant\u00f3 la portavoz presidencial,&nbsp;<strong>Gabriela Cerruti.<\/strong><\/p>\n\n\n\n<p>\u201cEl gobierno argentino apelar\u00e1 inmediatamente el fallo de la jueza Loretta Preska. El presidente Alberto Fern\u00e1ndez analiz\u00f3 la cuesti\u00f3n con la Procuraci\u00f3n del Tesoro.&nbsp;<strong>Seguiremos defendiendo la soberan\u00eda energ\u00e9tica<\/strong>&nbsp;y nuestra empresa estatal YPF frente a los fondos buitres\u201d, sostuvo la funcionaria apenas conocida la decisi\u00f3n.<\/p>\n\n\n\n<p>M\u00e1s all\u00e1 de eso, los tiempos electorales marcan que&nbsp;<strong>probablemente ser\u00e1 el pr\u00f3ximo gobierno el que deba definir si negocia<\/strong>&nbsp;con el fondo demandante o lleva el caso ante la Corte Suprema de Justicia de Estados Unidos.<\/p>\n\n\n\n<h2 class=\"wp-block-heading\">El origen del juicio<\/h2>\n\n\n\n<p>En 2012, la Argentina expropi\u00f3 el 51% de las acciones de YPF que estaban en manos de la empresa espa\u00f1ola Repsol, a la que le pag\u00f3 reci\u00e9n en 2014. Sin embargo, un grupo minoritario de accionistas tom\u00f3 medidas legales contra el pa\u00eds\u00a0porque se vio perjudicado tras la maniobra oficial.<\/p>\n\n\n\n<p>Lo que estaba en discusi\u00f3n en este litigio es la fecha en la que<strong>&nbsp;la Argentina tom\u00f3 efectivo control de los t\u00edtulos de la petrolera.<\/strong>&nbsp;Seg\u00fan el fondo demandante,&nbsp;<strong>Burford, fue el 16 de abril de 2012<\/strong>, cuando ingres\u00f3 al Congreso el proyecto de expropiaci\u00f3n de YPF. Para la Argentina, esa fecha fue el 7 de mayo del mismo a\u00f1o.<\/p>\n\n\n\n<p>Preska excluy\u00f3 expl\u00edcitamente a la empresa de la demanda porque hab\u00eda sido exonerada previamente; por el contrario, el demandado es el Estado argentino. La magistrada consider\u00f3 que el pa\u00eds tom\u00f3 de \u201cmanera indirecta\u201d el control de la petrolera el 16 de abril, tal como ped\u00eda el fondo&nbsp;<strong>Budford<\/strong>, que compr\u00f3 el juicio a los demandantes originales.<\/p>\n","protected":false},"excerpt":{"rendered":"<p>La jueza Loretta Preska est\u00e1 en condiciones de firmar la sentencia adversa para el pa\u00eds desde hoy. La magistrada le dio la raz\u00f3n a los demandantes y la Argentina deber\u00eda&hellip; <\/p>\n","protected":false},"author":8,"featured_media":87896,"comment_status":"closed","ping_status":"open","sticky":false,"template":"","format":"standard","meta":{"footnotes":""},"categories":[10],"tags":[],"class_list":["post-87893","post","type-post","status-publish","format-standard","has-post-thumbnail","hentry","category-nacionales"],"_links":{"self":[{"href":"https:\/\/corrientesdetarde.com\/index.php\/wp-json\/wp\/v2\/posts\/87893","targetHints":{"allow":["GET"]}}],"collection":[{"href":"https:\/\/corrientesdetarde.com\/index.php\/wp-json\/wp\/v2\/posts"}],"about":[{"href":"https:\/\/corrientesdetarde.com\/index.php\/wp-json\/wp\/v2\/types\/post"}],"author":[{"embeddable":true,"href":"https:\/\/corrientesdetarde.com\/index.php\/wp-json\/wp\/v2\/users\/8"}],"replies":[{"embeddable":true,"href":"https:\/\/corrientesdetarde.com\/index.php\/wp-json\/wp\/v2\/comments?post=87893"}],"version-history":[{"count":1,"href":"https:\/\/corrientesdetarde.com\/index.php\/wp-json\/wp\/v2\/posts\/87893\/revisions"}],"predecessor-version":[{"id":87897,"href":"https:\/\/corrientesdetarde.com\/index.php\/wp-json\/wp\/v2\/posts\/87893\/revisions\/87897"}],"wp:featuredmedia":[{"embeddable":true,"href":"https:\/\/corrientesdetarde.com\/index.php\/wp-json\/wp\/v2\/media\/87896"}],"wp:attachment":[{"href":"https:\/\/corrientesdetarde.com\/index.php\/wp-json\/wp\/v2\/media?parent=87893"}],"wp:term":[{"taxonomy":"category","embeddable":true,"href":"https:\/\/corrientesdetarde.com\/index.php\/wp-json\/wp\/v2\/categories?post=87893"},{"taxonomy":"post_tag","embeddable":true,"href":"https:\/\/corrientesdetarde.com\/index.php\/wp-json\/wp\/v2\/tags?post=87893"}],"curies":[{"name":"wp","href":"https:\/\/api.w.org\/{rel}","templated":true}]}}