{"id":87898,"date":"2023-09-14T15:22:10","date_gmt":"2023-09-14T18:22:10","guid":{"rendered":"https:\/\/corrientesdetarde.com\/?p=87898"},"modified":"2023-09-14T15:22:14","modified_gmt":"2023-09-14T18:22:14","slug":"atentaron-contra-el-cartel-de-chiquito-romero-en-el-predio-de-racing","status":"publish","type":"post","link":"https:\/\/corrientesdetarde.com\/index.php\/deportes\/atentaron-contra-el-cartel-de-chiquito-romero-en-el-predio-de-racing\/","title":{"rendered":"Atentaron contra el cartel de Chiquito Romero en el predio de Racing"},"content":{"rendered":"\n<p>Las personas se\u00f1aladas pertenecen a una filial de la Academia. Quemaron el letrero que llevaba el nombre del arquero que hoy es figura en el Xeneize.<\/p>\n\n\n\n<p>El predio de Tita Mattiussi, lugar donde entrena\u00a0<strong>Racing<\/strong>\u00a0todos los d\u00edas, amaneci\u00f3 sin el cartel de Sergio Romero . Al conocerse la noticia de que el letrero del arquero de\u00a0<strong>Boca<\/strong>\u00a0ya no estaba en la cancha uno, se especul\u00f3 con que la dirigencia lo hab\u00eda retirado para que su nombre no se vea m\u00e1s, pero la situaci\u00f3n se aclar\u00f3 r\u00e1pidamente.<\/p>\n\n\n\n<p>\u201cUnos hinchas de una filial de Racing<strong>\u00a0prendieron fuego el cartel de Chiquito<\/strong>\u00a0despu\u00e9s del partido con Boca en Avellaneda por los octavos de final de la Copa Libertadores\u201d, inform\u00f3 el periodista de\u00a0Leonardo Paradizo. Ahora, el club tom\u00f3 la decisi\u00f3n de reemplazar el cartel de manera por unos nuevos de metal.<\/p>\n\n\n\n<figure class=\"wp-block-image\"><img decoding=\"async\" src=\"https:\/\/tn.com.ar\/resizer\/Fv78oWx2QT2lQAd9EoeU805Wuuo=\/767x0\/smart\/filters:format(webp)\/cloudfront-us-east-1.images.arcpublishing.com\/artear\/EDW3JY4FH5HLJPXJVV3XGPFHCM.jfif\" alt=\"Unos hinchas de una filial de Racing prendieron fuego el cartel de Chiquito despu\u00e9s del partido con Boca. (Foto: @nollergonza\/Twitter)\"\/><\/figure>\n\n\n\n<h2 class=\"wp-block-heading\">Qu\u00e9 dijo Chiquito Romero despu\u00e9s del triunfo de Boca ante Racing por Copa Libertadores<\/h2>\n\n\n\n<p>Tras el triunfo de&nbsp;<strong>Boca&nbsp;<\/strong>ante&nbsp;<strong>Racing&nbsp;<\/strong>por penales en la Copa Libertadores, con&nbsp;<strong>Chiquito Romero<\/strong>&nbsp;como figura, la relaci\u00f3n del arquero con los hinchas de la&nbsp;<strong>Academia&nbsp;<\/strong>qued\u00f3 rota, y \u00e9l mismo se encarg\u00f3 de mostrar su descontento cuando declar\u00f3:&nbsp;<em><strong>\u201cMe voy con dolor y tristeza. Que la gente me putee no me gusta\u201d<\/strong><\/em>.<\/p>\n\n\n\n<h2 class=\"wp-block-heading\">Qu\u00e9 har\u00e1 Racing con el cartel de Chiquito Romero en el predio<\/h2>\n\n\n\n<p>Se espera que en los pr\u00f3ximos d\u00edas la cancha uno vuelva a lucir el nombre del arquero de Boca.<\/p>\n\n\n\n<h2 class=\"wp-block-heading\">Chiquito Romero cont\u00f3 que el hincha de Boca le pide en la calle que gane la s\u00e9ptima<\/h2>\n\n\n\n<p>Sergio Romero es, posiblemente, el nuevo amuleto en el elenco de la Ribera y los hinchas dejan esto en evidencia cada vez que lo interceptan en la calle:&nbsp;<strong>\u201cRecibo mucho cari\u00f1o, el hincha de Boca te da la mano, te dice \u201cvamos Boca\u201d, y despu\u00e9s te pide la s\u00e9ptima\u201d<\/strong>, cont\u00f3 el arquero en una reciente entrevista en el Canal de Boca.<\/p>\n\n\n\n<h2 class=\"wp-block-heading\">Chiquito Romero brilla en Boca y sorprendi\u00f3 con un anuncio en sus redes sociales<\/h2>\n\n\n\n<p>Sergio Romero anunci\u00f3 en sus redes sociales que \u201cen breve\u201d comenzar\u00e1 a streamear. El arquero de\u00a0Boca \u00a0que fue figura en la clasificaci\u00f3n de la Copa Libertadores y en cuartos de la Copa Argentina, comparti\u00f3 una historia en su cuenta de Instagram en la que comunic\u00f3 que en poco tiempo har\u00e1 transmisiones, en directo.<\/p>\n\n\n\n<p>El arquero del Xeneize mostr\u00f3 que le llegaron a su casa: auriculares, micr\u00f3fono, una silla especial y todas las herramientas necesarias para meterse de lleno en este creciente rubro. \u201c<strong>Lleg\u00f3 la bomba<\/strong>. Muchas gracias por enviarme todo este material para comenzar&nbsp;<strong>en breve las transmisiones de streaming<\/strong>\u201d, cont\u00f3 el futbolista de 36 a\u00f1os.<\/p>\n","protected":false},"excerpt":{"rendered":"<p>Las personas se\u00f1aladas pertenecen a una filial de la Academia. Quemaron el letrero que llevaba el nombre del arquero que hoy es figura en el Xeneize. El predio de Tita&hellip; <\/p>\n","protected":false},"author":8,"featured_media":87899,"comment_status":"closed","ping_status":"open","sticky":false,"template":"","format":"standard","meta":{"footnotes":""},"categories":[4],"tags":[],"class_list":["post-87898","post","type-post","status-publish","format-standard","has-post-thumbnail","hentry","category-deportes"],"_links":{"self":[{"href":"https:\/\/corrientesdetarde.com\/index.php\/wp-json\/wp\/v2\/posts\/87898","targetHints":{"allow":["GET"]}}],"collection":[{"href":"https:\/\/corrientesdetarde.com\/index.php\/wp-json\/wp\/v2\/posts"}],"about":[{"href":"https:\/\/corrientesdetarde.com\/index.php\/wp-json\/wp\/v2\/types\/post"}],"author":[{"embeddable":true,"href":"https:\/\/corrientesdetarde.com\/index.php\/wp-json\/wp\/v2\/users\/8"}],"replies":[{"embeddable":true,"href":"https:\/\/corrientesdetarde.com\/index.php\/wp-json\/wp\/v2\/comments?post=87898"}],"version-history":[{"count":1,"href":"https:\/\/corrientesdetarde.com\/index.php\/wp-json\/wp\/v2\/posts\/87898\/revisions"}],"predecessor-version":[{"id":87900,"href":"https:\/\/corrientesdetarde.com\/index.php\/wp-json\/wp\/v2\/posts\/87898\/revisions\/87900"}],"wp:featuredmedia":[{"embeddable":true,"href":"https:\/\/corrientesdetarde.com\/index.php\/wp-json\/wp\/v2\/media\/87899"}],"wp:attachment":[{"href":"https:\/\/corrientesdetarde.com\/index.php\/wp-json\/wp\/v2\/media?parent=87898"}],"wp:term":[{"taxonomy":"category","embeddable":true,"href":"https:\/\/corrientesdetarde.com\/index.php\/wp-json\/wp\/v2\/categories?post=87898"},{"taxonomy":"post_tag","embeddable":true,"href":"https:\/\/corrientesdetarde.com\/index.php\/wp-json\/wp\/v2\/tags?post=87898"}],"curies":[{"name":"wp","href":"https:\/\/api.w.org\/{rel}","templated":true}]}}