{"id":87901,"date":"2023-09-14T15:25:40","date_gmt":"2023-09-14T18:25:40","guid":{"rendered":"https:\/\/corrientesdetarde.com\/?p=87901"},"modified":"2023-09-14T15:25:53","modified_gmt":"2023-09-14T18:25:53","slug":"wanda-nara-mostro-el-moderno-hospital-de-turquia-que-eligio-para-atenderse","status":"publish","type":"post","link":"https:\/\/corrientesdetarde.com\/index.php\/espectaculos\/wanda-nara-mostro-el-moderno-hospital-de-turquia-que-eligio-para-atenderse\/","title":{"rendered":"Wanda Nara mostr\u00f3 el moderno hospital de Turqu\u00eda que eligi\u00f3 para atenderse"},"content":{"rendered":"\n<p>La medi\u00e1tica visit\u00f3 el centro m\u00e9dico con su mam\u00e1 y las instalaciones de \u00faltima tecnolog\u00eda llamaron la atenci\u00f3n de sus seguidores.<\/p>\n\n\n\n<p>Mientras pasa sus d\u00edas en Turqu\u00eda,<strong> Wanda Nara no descuid\u00f3 su salud<\/strong>. Por eso, eligi\u00f3 un hospital sumamente moderno y prestigioso para continuar con el tratamiento que lleva adelante. En las \u00faltimas horas, la medi\u00e1tica comparti\u00f3 una foto desde el\u00a0<strong>Medicana International Istambul Hospital<\/strong>, un centro m\u00e9dico que cuenta con sanatorios en todo el pa\u00eds.<\/p>\n\n\n\n<p>\u201cGracias\u201d, escribi\u00f3 Wanda Nara acompa\u00f1ando la postal en donde la vemos posar junto a la entrada del lugar. Adem\u00e1s, la modelo public\u00f3 un video de su mam\u00e1, Nora Colosimo, quien aprovech\u00f3 para ver a un oftalm\u00f3logo. \u201c<strong>Esto es re moderno<\/strong>\u201d, se escucha decir a la mujer en la grabaci\u00f3n que comparti\u00f3 su hija. El centro m\u00e9dico es el mismo\u00a0<strong>en el que se atiende Mauro Icardi y varios deportistas del Galatasaray.<\/strong><\/p>\n\n\n\n<figure class=\"wp-block-image\"><img decoding=\"async\" src=\"https:\/\/tn.com.ar\/resizer\/ykms-2eL2Oih825aPwbSEl32SH0=\/767x0\/smart\/filters:format(webp)\/cloudfront-us-east-1.images.arcpublishing.com\/artear\/5YLDSLD4CFETXCO7V2JAF2ZKJI.png\" alt=\"Wanda Nara mostr\u00f3 el moderno hospital de Turqu\u00eda que eligi\u00f3 para iniciar su tratamiento (Foto: Instagram \/ wanda_nara)\"\/><\/figure>\n\n\n\n<p>En la p\u00e1gina web del sanatorio aseguran que<strong>&nbsp;son especialistas en tratamientos oncol\u00f3gicos<\/strong>: \u201cEl&nbsp;Medicana International Istambul Hospital&nbsp;satisface una necesidad importante de Estambul y las ciudades cercanas, ya que&nbsp;<strong>es el \u00fanico centro donde se realiza el tratamiento avanzado del c\u00e1ncer<\/strong>\u201d.<\/p>\n\n\n\n<figure class=\"wp-block-image\"><img decoding=\"async\" src=\"https:\/\/tn.com.ar\/resizer\/DrHMBsaW9GR4dLFnGr7M356dGEc=\/767x0\/smart\/filters:format(webp)\/cloudfront-us-east-1.images.arcpublishing.com\/artear\/BWLX2JLDVZD3DCZCAPQMZBZS54.png\" alt=\"Wanda Nara mostr\u00f3 el hospital en el que se atiende en Turqu\u00eda (Foto: web Medicana)\"\/><\/figure>\n\n\n\n<p>En ese sentido, detallaron que cuentan con CT multicorte, PET-CT, MRI, Ultrasonido y LINAC&nbsp;con capacidad de&nbsp;IMRT&nbsp;(todos disponibles en un hospital privado por primera vez en Estambul), modalidades de im\u00e1genes de radiolog\u00eda convencional y medicina nuclear y oncolog\u00eda radioter\u00e1pica. \u201cTodo esto hace que el&nbsp;Medicana International Istambul Hospital&nbsp;sea centro del tratamiento del c\u00e1ncer\u201d, aseguran en la web oficial.<\/p>\n\n\n\n<figure class=\"wp-block-image\"><img decoding=\"async\" src=\"https:\/\/tn.com.ar\/resizer\/ttYLABkLvPMKLdoQL9law465N88=\/767x0\/smart\/filters:format(webp)\/cloudfront-us-east-1.images.arcpublishing.com\/artear\/F7R3HIPXHNBBDB4HPSWFFH6OHQ.png\" alt=\"Wanda Nara mostr\u00f3 el hospital en el que se atiende en Turqu\u00eda (Foto: web Medicana)\"\/><\/figure>\n\n\n\n<h2 class=\"wp-block-heading\">Wanda Nara habl\u00f3 sobre su salud y mostr\u00f3 el tratamiento m\u00e9dico al que se somete en Turqu\u00eda<\/h2>\n\n\n\n<p>A finales de agosto,\u00a0<strong>Wanda Nara se hizo estudios m\u00e9dicos y habl\u00f3 de su estado salud.\u00a0<\/strong>En ese momento, la empresaria habilit\u00f3 una caja de preguntas para responder a las consultas de sus seguidores de\u00a0<em>Instagram\u00a0<\/em>y no esquiv\u00f3 el tema relacionado con su cuadro cl\u00ednico.<\/p>\n\n\n\n<p><strong>\u201c\u00bfEst\u00e1s mejor de salud? Te quiero, cuidate\u201d<\/strong>, le escribi\u00f3 uno de sus m\u00e1s de 16 millones de seguidores de la red social. A lo que la medi\u00e1tica respondi\u00f3 con una foto despu\u00e9s de sacarse sangre:&nbsp;<strong>\u201cS\u00ed, siguiendo los tratamientos. De a poco y con el amor de todos lo que me aman\u201d.<\/strong><\/p>\n\n\n\n<figure class=\"wp-block-image\"><img decoding=\"async\" src=\"https:\/\/tn.com.ar\/resizer\/_9AfsAKhdVFQIedqLMPUxZgqS5c=\/767x0\/smart\/filters:format(webp)\/cloudfront-us-east-1.images.arcpublishing.com\/artear\/IMF444REGZDARLSPRX3ZARULVI.JPG\" alt=\"Wanda Nara habl\u00f3 de su salud. (Foto: Captura Instagram \/wanda_nara)\"\/><\/figure>\n\n\n\n<p>Ese mismo mes, en un mano a mano con\u00a0<em>Telefe Noticias (Telefe)\u00a0<\/em>desde Estambul, la empresaria asegur\u00f3: \u201cFUE UN SHOCK PARA TODA LA FAMILIA\u201d. A punto de quebrarse, agreg\u00f3: \u201cDudo mucho sobre hablar del tema porque la gente te juzga. (&#8230;). En este momento prefiero guard\u00e1rmelo.\u00a0<strong>Cuando est\u00e9 un poquito m\u00e1s fuerte lo voy a contar, me hubiese gustado que fuese de otra manera<\/strong>\u201d.<\/p>\n","protected":false},"excerpt":{"rendered":"<p>La medi\u00e1tica visit\u00f3 el centro m\u00e9dico con su mam\u00e1 y las instalaciones de \u00faltima tecnolog\u00eda llamaron la atenci\u00f3n de sus seguidores. Mientras pasa sus d\u00edas en Turqu\u00eda, Wanda Nara no&hellip; <\/p>\n","protected":false},"author":8,"featured_media":87902,"comment_status":"closed","ping_status":"open","sticky":false,"template":"","format":"standard","meta":{"footnotes":""},"categories":[19],"tags":[],"class_list":["post-87901","post","type-post","status-publish","format-standard","has-post-thumbnail","hentry","category-espectaculos"],"_links":{"self":[{"href":"https:\/\/corrientesdetarde.com\/index.php\/wp-json\/wp\/v2\/posts\/87901","targetHints":{"allow":["GET"]}}],"collection":[{"href":"https:\/\/corrientesdetarde.com\/index.php\/wp-json\/wp\/v2\/posts"}],"about":[{"href":"https:\/\/corrientesdetarde.com\/index.php\/wp-json\/wp\/v2\/types\/post"}],"author":[{"embeddable":true,"href":"https:\/\/corrientesdetarde.com\/index.php\/wp-json\/wp\/v2\/users\/8"}],"replies":[{"embeddable":true,"href":"https:\/\/corrientesdetarde.com\/index.php\/wp-json\/wp\/v2\/comments?post=87901"}],"version-history":[{"count":1,"href":"https:\/\/corrientesdetarde.com\/index.php\/wp-json\/wp\/v2\/posts\/87901\/revisions"}],"predecessor-version":[{"id":87903,"href":"https:\/\/corrientesdetarde.com\/index.php\/wp-json\/wp\/v2\/posts\/87901\/revisions\/87903"}],"wp:featuredmedia":[{"embeddable":true,"href":"https:\/\/corrientesdetarde.com\/index.php\/wp-json\/wp\/v2\/media\/87902"}],"wp:attachment":[{"href":"https:\/\/corrientesdetarde.com\/index.php\/wp-json\/wp\/v2\/media?parent=87901"}],"wp:term":[{"taxonomy":"category","embeddable":true,"href":"https:\/\/corrientesdetarde.com\/index.php\/wp-json\/wp\/v2\/categories?post=87901"},{"taxonomy":"post_tag","embeddable":true,"href":"https:\/\/corrientesdetarde.com\/index.php\/wp-json\/wp\/v2\/tags?post=87901"}],"curies":[{"name":"wp","href":"https:\/\/api.w.org\/{rel}","templated":true}]}}