{"id":88051,"date":"2023-09-15T00:02:31","date_gmt":"2023-09-15T03:02:31","guid":{"rendered":"https:\/\/corrientesdetarde.com\/?p=88051"},"modified":"2023-09-15T00:14:06","modified_gmt":"2023-09-15T03:14:06","slug":"desarrollo-social-colaborara-con-la-fiesta-provincial-de-la-miel","status":"publish","type":"post","link":"https:\/\/corrientesdetarde.com\/index.php\/sociales\/desarrollo-social-colaborara-con-la-fiesta-provincial-de-la-miel\/","title":{"rendered":"Desarrollo Social colaborar\u00e1 con la Fiesta Provincial de la Miel"},"content":{"rendered":"\n<p>La directora de Comercializaci\u00f3n del Ministerio de Desarrollo Social, D\u00e9bora Galarza Alcaraz, visit\u00f3 este jueves Saladas, en el marco de colaboraci\u00f3n que efectuar\u00e1 la mencionada cartera para la Fiesta Provincial de la Miel, que se llevar\u00e1 a cabo el 13 y 14 de octubre. Se entrevist\u00f3 con el intendente de la localidad, Noel G\u00f3mez; con quien recorrieron el predio donde se llevar\u00e1 a cabo el evento, con el fin de brindarles su apoyo en la organizaci\u00f3n.<\/p>\n\n\n\n<figure class=\"wp-block-image size-large\"><img loading=\"lazy\" decoding=\"async\" width=\"1024\" height=\"437\" src=\"https:\/\/corrientesdetarde.com\/wp-content\/uploads\/2023\/09\/Captura-de-pantalla-2023-09-14-235747-1024x437.png\" alt=\"\" class=\"wp-image-88056\" srcset=\"https:\/\/corrientesdetarde.com\/wp-content\/uploads\/2023\/09\/Captura-de-pantalla-2023-09-14-235747-1024x437.png 1024w, https:\/\/corrientesdetarde.com\/wp-content\/uploads\/2023\/09\/Captura-de-pantalla-2023-09-14-235747-300x128.png 300w, https:\/\/corrientesdetarde.com\/wp-content\/uploads\/2023\/09\/Captura-de-pantalla-2023-09-14-235747-768x328.png 768w, https:\/\/corrientesdetarde.com\/wp-content\/uploads\/2023\/09\/Captura-de-pantalla-2023-09-14-235747.png 1274w\" sizes=\"auto, (max-width: 1024px) 100vw, 1024px\" \/><\/figure>\n\n\n\n<p>&#8220;Estuvimos dialogando con el intendente G\u00f3mez para colaborar con la organizaci\u00f3n de la Fiesta de la Miel, que tendr\u00e1 lugar en octubre con la participaci\u00f3n de los emprendedores&#8221;,&nbsp;coment\u00f3 Galarza Alcaraz. Por la tarde, la funcionaria de la cartera social junto a un equipo t\u00e9cnico visitaron algunos talleres de emprendedores&nbsp;que trabajan en totora y se encontraban elaborando alfombras.<\/p>\n","protected":false},"excerpt":{"rendered":"<p>La directora de Comercializaci\u00f3n del Ministerio de Desarrollo Social, D\u00e9bora Galarza Alcaraz, visit\u00f3 este jueves Saladas, en el marco de colaboraci\u00f3n que efectuar\u00e1 la mencionada cartera para la Fiesta Provincial&hellip; <\/p>\n","protected":false},"author":4,"featured_media":88058,"comment_status":"closed","ping_status":"open","sticky":false,"template":"","format":"standard","meta":{"footnotes":""},"categories":[23,17],"tags":[],"class_list":["post-88051","post","type-post","status-publish","format-standard","has-post-thumbnail","hentry","category-actualidad","category-sociales"],"_links":{"self":[{"href":"https:\/\/corrientesdetarde.com\/index.php\/wp-json\/wp\/v2\/posts\/88051","targetHints":{"allow":["GET"]}}],"collection":[{"href":"https:\/\/corrientesdetarde.com\/index.php\/wp-json\/wp\/v2\/posts"}],"about":[{"href":"https:\/\/corrientesdetarde.com\/index.php\/wp-json\/wp\/v2\/types\/post"}],"author":[{"embeddable":true,"href":"https:\/\/corrientesdetarde.com\/index.php\/wp-json\/wp\/v2\/users\/4"}],"replies":[{"embeddable":true,"href":"https:\/\/corrientesdetarde.com\/index.php\/wp-json\/wp\/v2\/comments?post=88051"}],"version-history":[{"count":2,"href":"https:\/\/corrientesdetarde.com\/index.php\/wp-json\/wp\/v2\/posts\/88051\/revisions"}],"predecessor-version":[{"id":88060,"href":"https:\/\/corrientesdetarde.com\/index.php\/wp-json\/wp\/v2\/posts\/88051\/revisions\/88060"}],"wp:featuredmedia":[{"embeddable":true,"href":"https:\/\/corrientesdetarde.com\/index.php\/wp-json\/wp\/v2\/media\/88058"}],"wp:attachment":[{"href":"https:\/\/corrientesdetarde.com\/index.php\/wp-json\/wp\/v2\/media?parent=88051"}],"wp:term":[{"taxonomy":"category","embeddable":true,"href":"https:\/\/corrientesdetarde.com\/index.php\/wp-json\/wp\/v2\/categories?post=88051"},{"taxonomy":"post_tag","embeddable":true,"href":"https:\/\/corrientesdetarde.com\/index.php\/wp-json\/wp\/v2\/tags?post=88051"}],"curies":[{"name":"wp","href":"https:\/\/api.w.org\/{rel}","templated":true}]}}