{"id":88065,"date":"2023-09-15T00:41:06","date_gmt":"2023-09-15T03:41:06","guid":{"rendered":"https:\/\/corrientesdetarde.com\/?p=88065"},"modified":"2023-09-15T00:42:00","modified_gmt":"2023-09-15T03:42:00","slug":"puente-chaco-corrientes-viajaba-con-drogas","status":"publish","type":"post","link":"https:\/\/corrientesdetarde.com\/index.php\/policiales\/puente-chaco-corrientes-viajaba-con-drogas\/","title":{"rendered":"Puente Chaco-Corrientes: viajaba con Drogas"},"content":{"rendered":"\n<p>Gendarmer\u00eda incaut\u00f3 la droga, celulares y dinero en efectivo.\u00a0<\/p>\n\n\n\n<p>Los primeros datos brindados por la fuerza nacional indican que el operativo se realiz\u00f3 el mi\u00e9rcoles por la tarde cuando los efectivos detuvieron a un Chevrolet Classic que funcionaba como servicio de transporte e iban el conductor con un pasajero.&nbsp;<\/p>\n\n\n\n<figure class=\"wp-block-image\"><img decoding=\"async\" src=\"https:\/\/pxc.cdn.ellitoral.com.ar\/litoral\/092023\/1694719553626.webp?cw=843&amp;ch=1500&amp;extw=jpeg\" alt=\"Puente Chaco-Corrientes: viajaba con dosis de \u00e9xtasis y LSD\"\/><\/figure>\n\n\n\n<p>Al ser revisado, los efectivos constataron que el pasajero ten\u00eda un total de&nbsp;&nbsp;<strong>21 comprimidos de \u00e9xtasis y cinco troqueles de LSD.&nbsp;<\/strong><\/p>\n\n\n\n<p>Adem\u00e1s, le incautaron dos tel\u00e9fonos celulares y 8.350 pesos, se\u00f1al\u00f3 la fuerza.&nbsp;<\/p>\n\n\n\n<p>Entre tanto, Gendarmer\u00eda detall\u00f3 que el aval\u00fao total de los elementos secuestrados asciende&nbsp;&nbsp;<strong>a $679.955,66.&nbsp;<\/strong><\/p>\n\n\n\n<figure class=\"wp-block-image\"><img decoding=\"async\" src=\"https:\/\/pxc.cdn.ellitoral.com.ar\/litoral\/092023\/1694719553626.webp?cw=843&amp;ch=1500&amp;extw=jpeg\" alt=\"Puente Chaco-Corrientes: viajaba con dosis de \u00e9xtasis y LSD\"\/><\/figure>\n","protected":false},"excerpt":{"rendered":"<p>Gendarmer\u00eda incaut\u00f3 la droga, celulares y dinero en efectivo.\u00a0 Los primeros datos brindados por la fuerza nacional indican que el operativo se realiz\u00f3 el mi\u00e9rcoles por la tarde cuando los&hellip; <\/p>\n","protected":false},"author":4,"featured_media":88066,"comment_status":"closed","ping_status":"open","sticky":false,"template":"","format":"standard","meta":{"footnotes":""},"categories":[33],"tags":[],"class_list":["post-88065","post","type-post","status-publish","format-standard","has-post-thumbnail","hentry","category-policiales"],"_links":{"self":[{"href":"https:\/\/corrientesdetarde.com\/index.php\/wp-json\/wp\/v2\/posts\/88065","targetHints":{"allow":["GET"]}}],"collection":[{"href":"https:\/\/corrientesdetarde.com\/index.php\/wp-json\/wp\/v2\/posts"}],"about":[{"href":"https:\/\/corrientesdetarde.com\/index.php\/wp-json\/wp\/v2\/types\/post"}],"author":[{"embeddable":true,"href":"https:\/\/corrientesdetarde.com\/index.php\/wp-json\/wp\/v2\/users\/4"}],"replies":[{"embeddable":true,"href":"https:\/\/corrientesdetarde.com\/index.php\/wp-json\/wp\/v2\/comments?post=88065"}],"version-history":[{"count":2,"href":"https:\/\/corrientesdetarde.com\/index.php\/wp-json\/wp\/v2\/posts\/88065\/revisions"}],"predecessor-version":[{"id":88068,"href":"https:\/\/corrientesdetarde.com\/index.php\/wp-json\/wp\/v2\/posts\/88065\/revisions\/88068"}],"wp:featuredmedia":[{"embeddable":true,"href":"https:\/\/corrientesdetarde.com\/index.php\/wp-json\/wp\/v2\/media\/88066"}],"wp:attachment":[{"href":"https:\/\/corrientesdetarde.com\/index.php\/wp-json\/wp\/v2\/media?parent=88065"}],"wp:term":[{"taxonomy":"category","embeddable":true,"href":"https:\/\/corrientesdetarde.com\/index.php\/wp-json\/wp\/v2\/categories?post=88065"},{"taxonomy":"post_tag","embeddable":true,"href":"https:\/\/corrientesdetarde.com\/index.php\/wp-json\/wp\/v2\/tags?post=88065"}],"curies":[{"name":"wp","href":"https:\/\/api.w.org\/{rel}","templated":true}]}}