{"id":88162,"date":"2023-09-15T12:58:42","date_gmt":"2023-09-15T15:58:42","guid":{"rendered":"https:\/\/corrientesdetarde.com\/?p=88162"},"modified":"2023-09-15T12:58:49","modified_gmt":"2023-09-15T15:58:49","slug":"virginia-gallardo-revelo-cuanto-tiempo-estuvo-sin-tener-sexo-y-sorprendio-a-todos","status":"publish","type":"post","link":"https:\/\/corrientesdetarde.com\/index.php\/espectaculos\/virginia-gallardo-revelo-cuanto-tiempo-estuvo-sin-tener-sexo-y-sorprendio-a-todos\/","title":{"rendered":"Virginia Gallardo revel\u00f3 cu\u00e1nto tiempo estuvo sin tener sexo y sorprendi\u00f3 a todos"},"content":{"rendered":"\n<p>Virginia Gallardo cont\u00f3 en Socios del Espect\u00e1culo cu\u00e1l fue el tiempo m\u00e1ximo que pas\u00f3 sin tener relaciones sexuales y explic\u00f3 en pleno vivo el motivo.<br>&#8220;Para m\u00ed si no ten\u00e9s con qui\u00e9n, emocionalmente hablando&#8230; la verdad es que yo he pasado mucho tiempo sin&#8221;, dijo la panelista y Lussich le consult\u00f3: &#8220;\u00bfCu\u00e1nto querida?&#8221;.<\/p>\n\n\n\n<p>\u00a0&#8220;Y dos a\u00f1os&#8221;, respondi\u00f3 la modelo y todos quedaron sorprendidos y comentaron: &#8220;Es bastante&#8221;. &#8220;Te envejece no tener una relaci\u00f3n sexual&#8221;, dijo por su parte Ximena Capristo.<\/p>\n\n\n\n<p><br><strong>EL SINCERICIDIO DE NANCY DUR\u00c9 Y MARIANA BREY SOBRE LA INTIMIDAD CON SUS PAREJAS<\/strong><\/p>\n\n\n\n<p>Dur\u00e9 y Mariana Brey se sinceraron tambi\u00e9n en el programa matutino de eltrece sobre la intimidad con sus parejas. &#8220;He pasado meses sin porque no hab\u00eda alguien que me atrajera&#8221;, dijo Nancy.<br>Entonces, Brey revel\u00f3: &#8220;Tengo \u00e9pocas que soy activa y cuando estoy as\u00ed soy muy fogosa. Y embarazada ni te digo, yo me doy cuenta que estoy embarazada cuando no paro de pensar en eso&#8221;.<\/p>\n","protected":false},"excerpt":{"rendered":"<p>Virginia Gallardo cont\u00f3 en Socios del Espect\u00e1culo cu\u00e1l fue el tiempo m\u00e1ximo que pas\u00f3 sin tener relaciones sexuales y explic\u00f3 en pleno vivo el motivo.&#8220;Para m\u00ed si no ten\u00e9s con&hellip; <\/p>\n","protected":false},"author":1,"featured_media":88172,"comment_status":"closed","ping_status":"open","sticky":false,"template":"","format":"standard","meta":{"footnotes":""},"categories":[19],"tags":[],"class_list":["post-88162","post","type-post","status-publish","format-standard","has-post-thumbnail","hentry","category-espectaculos"],"_links":{"self":[{"href":"https:\/\/corrientesdetarde.com\/index.php\/wp-json\/wp\/v2\/posts\/88162","targetHints":{"allow":["GET"]}}],"collection":[{"href":"https:\/\/corrientesdetarde.com\/index.php\/wp-json\/wp\/v2\/posts"}],"about":[{"href":"https:\/\/corrientesdetarde.com\/index.php\/wp-json\/wp\/v2\/types\/post"}],"author":[{"embeddable":true,"href":"https:\/\/corrientesdetarde.com\/index.php\/wp-json\/wp\/v2\/users\/1"}],"replies":[{"embeddable":true,"href":"https:\/\/corrientesdetarde.com\/index.php\/wp-json\/wp\/v2\/comments?post=88162"}],"version-history":[{"count":1,"href":"https:\/\/corrientesdetarde.com\/index.php\/wp-json\/wp\/v2\/posts\/88162\/revisions"}],"predecessor-version":[{"id":88173,"href":"https:\/\/corrientesdetarde.com\/index.php\/wp-json\/wp\/v2\/posts\/88162\/revisions\/88173"}],"wp:featuredmedia":[{"embeddable":true,"href":"https:\/\/corrientesdetarde.com\/index.php\/wp-json\/wp\/v2\/media\/88172"}],"wp:attachment":[{"href":"https:\/\/corrientesdetarde.com\/index.php\/wp-json\/wp\/v2\/media?parent=88162"}],"wp:term":[{"taxonomy":"category","embeddable":true,"href":"https:\/\/corrientesdetarde.com\/index.php\/wp-json\/wp\/v2\/categories?post=88162"},{"taxonomy":"post_tag","embeddable":true,"href":"https:\/\/corrientesdetarde.com\/index.php\/wp-json\/wp\/v2\/tags?post=88162"}],"curies":[{"name":"wp","href":"https:\/\/api.w.org\/{rel}","templated":true}]}}