{"id":88163,"date":"2023-09-15T12:54:27","date_gmt":"2023-09-15T15:54:27","guid":{"rendered":"https:\/\/corrientesdetarde.com\/?p=88163"},"modified":"2023-09-15T12:54:39","modified_gmt":"2023-09-15T15:54:39","slug":"el-gobernador-valdes-saludo-a-la-comunidad-judia-por-el-rosh-hashana","status":"publish","type":"post","link":"https:\/\/corrientesdetarde.com\/index.php\/sociales\/el-gobernador-valdes-saludo-a-la-comunidad-judia-por-el-rosh-hashana\/","title":{"rendered":"El gobernador Vald\u00e9s salud\u00f3 a la comunidad jud\u00eda por el Rosh Hashan\u00e1"},"content":{"rendered":"\n<p>A trav\u00e9s de sus redes sociales, el gobernador Gustavo Vald\u00e9s&nbsp;expres\u00f3 sus salutaciones por el a\u00f1o nuevo jud\u00edo, a la colectividad que inicia su celebraci\u00f3n este viernes, hasta el domingo por&nbsp;la tarde.<\/p>\n\n\n\n<p>\u201c\u00a1Shan\u00e1 Tov\u00e1 Umetuk\u00e1 a la colectividad jud\u00eda!\u201d, manifest\u00f3 el mandatario por medio de las plataformas, augurando que \u201ca partir de la salida de la primera estrella y con el inicio de un nuevo a\u00f1o, la comunidad viva 365 d\u00edas de prosperidad y paz\u201d.<\/p>\n\n\n<div class=\"wp-block-image\">\n<figure class=\"aligncenter size-full\"><img loading=\"lazy\" decoding=\"async\" width=\"420\" height=\"394\" src=\"https:\/\/corrientesdetarde.com\/wp-content\/uploads\/2023\/09\/image-395.png\" alt=\"\" class=\"wp-image-88169\" srcset=\"https:\/\/corrientesdetarde.com\/wp-content\/uploads\/2023\/09\/image-395.png 420w, https:\/\/corrientesdetarde.com\/wp-content\/uploads\/2023\/09\/image-395-300x281.png 300w\" sizes=\"auto, (max-width: 420px) 100vw, 420px\" \/><\/figure>\n<\/div>\n\n\n<h3 class=\"wp-block-heading\">\u00bfQu\u00e9 significa el A\u00f1o Nuevo para los jud\u00edos y c\u00f3mo lo celebran?<\/h3>\n\n\n\n<p>Desde este domingo 25 de septiembre cuando se oculte al sol, hasta el martes 27 cuando aparezca la primera estrella, los jud\u00edos celebrar\u00e1n el&nbsp;<strong>Rosh Hashan\u00e1<\/strong>, su&nbsp;<strong>A\u00f1o Nuevo&nbsp;<\/strong>o&nbsp;<strong>\u201cCabeza del A\u00f1o\u201d<\/strong>&nbsp;seg\u00fan la traducci\u00f3n literal. Comienza luego de la finalizaci\u00f3n del mes que llaman&nbsp;<strong>Elul,<\/strong>&nbsp;que da paso al&nbsp;<strong>Tishrei,&nbsp;<\/strong>primer mes del&nbsp;<strong>a\u00f1o 5783.&nbsp;<\/strong>Este tiempo se cuentadesde la creaci\u00f3n del ser humano seg\u00fan el G\u00e9nesis en la Tor\u00e1. \u201cHablamos del ser humano que tiene libre albedr\u00edo, que tiene libertad, la capacidad de cambiar conscientemente. Ese es el aniversario que celebramos\u201d, explica&nbsp;<strong>Ariel Cohen Imach<\/strong>, director del Vaad Hajinuj, el Departamento de Educaci\u00f3n de la AMIA. Y desmenuza el significado del Rosh Hashan\u00e1, sus rituales y los diez d\u00edas que siguen a este evento hasta desembocar en Yom Kippur, el D\u00eda del Perd\u00f3n.<\/p>\n\n\n\n<figure class=\"wp-block-image\"><img decoding=\"async\" src=\"https:\/\/www.infobae.com\/new-resizer\/oVp0FkKX47Pxy8cCQDosBKah36w=\/filters:format(webp):quality(85)\/cloudfront-us-east-1.images.arcpublishing.com\/infobae\/MTNZFVCZXFGMZOD3UUKBDCBIKM.jpg\" alt=\"\"\/><\/figure>\n\n\n\n<p>\u201cEs interesante la palabra hebrea para mencionar \u2018a\u00f1o\u2019. En hebreo, las palabras tienen ra\u00edces que se repiten a veces en sustantivos y en verbos, y \u2018a\u00f1o\u2019 tiene como ra\u00edz un verbo que significa repetir y al mismo tiempo, con otra construcci\u00f3n verbal, significa cambiar. As\u00ed que por un lado se repite algo en la naturaleza, la nueva traslaci\u00f3n de la tierra que genera el a\u00f1o. Y en la parte humana, festejamos la posibilidad de cambiar. Por eso\u00a0<strong>el A\u00f1o Nuevo es un momento de balance, de introspecci\u00f3n, de pensar todo lo bueno y malo que hacemos<\/strong>, de pensar c\u00f3mo podr\u00edamos enriquecer a\u00fan m\u00e1s al mundo, c\u00f3mo explotar nuestras posibilidades al m\u00e1ximo para una humanidad y un planeta mejor. El desaf\u00edo es ese:\u00a0<strong>cuando los ciclos de la naturaleza se repiten, el ser humano tiene el desaf\u00edo de cambiar\u201d<\/strong>, se\u00f1ala Cohen Imach.<\/p>\n\n\n\n<p><strong>-\u00bfC\u00f3mo es la preparaci\u00f3n para llegar al Rosh Hashan\u00e1?<\/strong><\/p>\n\n\n\n<p>-Todo el mes previo al A\u00f1o Nuevo es un momento de balance, de pensamiento, de reflexi\u00f3n sobre todas las cosas que uno hizo durante el a\u00f1o que termina. C\u00f3mo se vincula con la familia, con los amigos, con el trabajo, con todas las distintas cosas de la vida, d\u00f3nde enfoca uno sus prioridades y d\u00f3nde no.&nbsp;<strong>Rosh Hashan\u00e1 es conocido tambi\u00e9n como el D\u00eda del Juicio.<\/strong>&nbsp;Ese d\u00eda, todos los seres humanos, no solamente los jud\u00edos, pasamos como un reba\u00f1o ante su pastor, ante el Creador del mundo. La tradici\u00f3n jud\u00eda dice que Dios nos juzga y que, si as\u00ed lo quiere, nos inscribe en el&nbsp;<strong>Libro de la Vida&nbsp;<\/strong>para el a\u00f1o siguiente.<\/p>\n\n\n\n<p><strong>-\u00bfQu\u00e9 rituales se llevan a cabo para celebrarlo?<\/strong><\/p>\n\n\n\n<p>-Las sinagogas est\u00e1n abiertas, y en el A\u00f1o Nuevo hay rezos especiales. El condimento fundamental es que&nbsp;<strong>durante esos rezos se toca el Shofar<\/strong>, un cuerno de carnero hueco, algo as\u00ed como un instrumento de viento. Funciona como un despertador espiritual, algo que viene a despertarnos de nuestro letargo. Viene a decirnos que es el D\u00eda del Juicio y es el momento en el que nos comprometemos a cambiar y a reflexionar. Es una tradici\u00f3n: cuando uno hace sonar el shofar y lo escucha con absoluta concentraci\u00f3n, tiene la potestad de transformar el juicio divino desde un aspecto de rigor a uno de misericordia. Eso&nbsp;<strong>endulza el juicio<\/strong>, por as\u00ed decirlo\u2026<\/p>\n\n\n\n<p><img loading=\"lazy\" decoding=\"async\" alt=\"(Katu Ph)\" height=\"1079\" width=\"1920\" src=\"https:\/\/www.infobae.com\/new-resizer\/oj190adXKjc5z83LqKBIqApBM34=\/arc-anglerfish-arc2-prod-infobae\/public\/QHEHUUCZMJGO5GJNQ6S3RFHMNY.jpg\" srcset=\"https:\/\/www.infobae.com\/new-resizer\/kv9Pw93aNYogtqQFKvCDHJhDk2Y=\/420x236\/filters:format(webp):quality(85)\/cloudfront-us-east-1.images.arcpublishing.com\/infobae\/QHEHUUCZMJGO5GJNQ6S3RFHMNY.jpg 420w,https:\/\/www.infobae.com\/new-resizer\/7xoL7jP_JQMqx1fsqTFCg_7oajQ=\/768x432\/filters:format(webp):quality(85)\/cloudfront-us-east-1.images.arcpublishing.com\/infobae\/QHEHUUCZMJGO5GJNQ6S3RFHMNY.jpg 768w,https:\/\/www.infobae.com\/new-resizer\/0cj1w5X6Wh08HFYjlhO1s5Qn2FA=\/992x558\/filters:format(webp):quality(85)\/cloudfront-us-east-1.images.arcpublishing.com\/infobae\/QHEHUUCZMJGO5GJNQ6S3RFHMNY.jpg 992w,https:\/\/www.infobae.com\/new-resizer\/qHjXFcYDsBBv0SPZP7ENTyHkuAw=\/1200x675\/filters:format(webp):quality(85)\/cloudfront-us-east-1.images.arcpublishing.com\/infobae\/QHEHUUCZMJGO5GJNQ6S3RFHMNY.jpg 1200w,https:\/\/www.infobae.com\/new-resizer\/k2FobBsNZMDCvoMLopyNbbk3rSM=\/1440x810\/filters:format(webp):quality(85)\/cloudfront-us-east-1.images.arcpublishing.com\/infobae\/QHEHUUCZMJGO5GJNQ6S3RFHMNY.jpg 1440w\">(Katu Ph)<\/p>\n\n\n\n<p><strong>-\u00bfHay una alimentaci\u00f3n especial en esta fecha?<\/strong><\/p>\n\n\n\n<p>-Hay comidas festivas. En la cena de Rosh Hashan\u00e1 hay diversos s\u00edmbolos que distintas comunidades jud\u00edas han desarrollado a lo largo del tiempo. El m\u00e1s universal y conocido, uno que todas las comunidades tienen, es<strong>&nbsp;comer manzana con miel<\/strong>. La miel es para tener un a\u00f1o dulce y la manzana tiene muchos significados cabal\u00edsticos. En la Biblia es s\u00edmbolo del amor eterno entre Dios y el pueblo de Israel. Y comer un fruto simboliza la idea de que sea un a\u00f1o fruct\u00edfero, dulce y lleno de amor. Por eso&nbsp;<strong>se desea Shan\u00e1 Tov\u00e1 Umetuk\u00e1, que quiere decir \u201cA\u00f1o bueno y dulce\u201d.<\/strong><\/p>\n\n\n\n<p><strong>-Mencion\u00f3 que hay distintas comunidades jud\u00edas. \u00bfCada una tiene su forma particular de recibir el A\u00f1o Nuevo?<\/strong><\/p>\n\n\n\n<p>-Existen algunas cosas que quiz\u00e1s no son tan universales, pero otras comunidades jud\u00edas desarrollaron otros alimentos como una buena se\u00f1al para el nuevo a\u00f1o. Por ejemplo,&nbsp;<strong>la granada<\/strong>, una fruta que tiene semillas muy chiquititas y representa, cada una, a los preceptos que se deben cumplir como jud\u00edos. En la Tor\u00e1, que es la primera parte de la Biblia,&nbsp;<strong>hay seg\u00fan la tradici\u00f3n 613 preceptos que son la base del Juda\u00edsmo<\/strong>. La idea es que estemos llenos de preceptos cumplidos y respetados, como la granada est\u00e1 llena de semillas. Algunas otras comunidades comen acelga, calabaza, cabeza de cordero o pescado. Todas tienen que ver con la forma que suenan esos nombres en hebreo, y se emparentan con alg\u00fan verbo que refiere a lo que suceder\u00e1 en el a\u00f1o.<\/p>\n\n\n\n<p><strong>-\u00bfQu\u00e9 sucede despu\u00e9s del A\u00f1o Nuevo?<\/strong><\/p>\n\n\n\n<p>-A partir del d\u00eda del Rosh Hashan\u00e1 empieza un per\u00edodo de diez d\u00edas que termina en el&nbsp;<strong>D\u00eda del Perd\u00f3n, Yom Kippur.<\/strong>&nbsp;Son los d\u00edas de arrepentimiento, cuando uno tiene que revisar sus acciones y si ofendi\u00f3 al pr\u00f3jimo ir a pedirle perd\u00f3n. Nosotros no tenemos confesi\u00f3n ante seres humanos, pero s\u00ed confesamos ante Dios directamente. A lo largo de la jornada del D\u00eda del Perd\u00f3n&nbsp;<strong>se hacen cinco confesiones<\/strong>&nbsp;muy detalladas. Pero obviamente, uno puede pedir todos los perdones que quiera verbalmente, los puede pedir en el rezo o en la Sinagoga, pero si uno ofendi\u00f3 a un ser humano, se lo tiene que pedir a esa persona, nadie puede perdonar por \u00e9l.<\/p>\n","protected":false},"excerpt":{"rendered":"<p>A trav\u00e9s de sus redes sociales, el gobernador Gustavo Vald\u00e9s&nbsp;expres\u00f3 sus salutaciones por el a\u00f1o nuevo jud\u00edo, a la colectividad que inicia su celebraci\u00f3n este viernes, hasta el domingo por&nbsp;la&hellip; <\/p>\n","protected":false},"author":1,"featured_media":88170,"comment_status":"closed","ping_status":"open","sticky":false,"template":"","format":"standard","meta":{"footnotes":""},"categories":[17],"tags":[],"class_list":["post-88163","post","type-post","status-publish","format-standard","has-post-thumbnail","hentry","category-sociales"],"_links":{"self":[{"href":"https:\/\/corrientesdetarde.com\/index.php\/wp-json\/wp\/v2\/posts\/88163","targetHints":{"allow":["GET"]}}],"collection":[{"href":"https:\/\/corrientesdetarde.com\/index.php\/wp-json\/wp\/v2\/posts"}],"about":[{"href":"https:\/\/corrientesdetarde.com\/index.php\/wp-json\/wp\/v2\/types\/post"}],"author":[{"embeddable":true,"href":"https:\/\/corrientesdetarde.com\/index.php\/wp-json\/wp\/v2\/users\/1"}],"replies":[{"embeddable":true,"href":"https:\/\/corrientesdetarde.com\/index.php\/wp-json\/wp\/v2\/comments?post=88163"}],"version-history":[{"count":1,"href":"https:\/\/corrientesdetarde.com\/index.php\/wp-json\/wp\/v2\/posts\/88163\/revisions"}],"predecessor-version":[{"id":88171,"href":"https:\/\/corrientesdetarde.com\/index.php\/wp-json\/wp\/v2\/posts\/88163\/revisions\/88171"}],"wp:featuredmedia":[{"embeddable":true,"href":"https:\/\/corrientesdetarde.com\/index.php\/wp-json\/wp\/v2\/media\/88170"}],"wp:attachment":[{"href":"https:\/\/corrientesdetarde.com\/index.php\/wp-json\/wp\/v2\/media?parent=88163"}],"wp:term":[{"taxonomy":"category","embeddable":true,"href":"https:\/\/corrientesdetarde.com\/index.php\/wp-json\/wp\/v2\/categories?post=88163"},{"taxonomy":"post_tag","embeddable":true,"href":"https:\/\/corrientesdetarde.com\/index.php\/wp-json\/wp\/v2\/tags?post=88163"}],"curies":[{"name":"wp","href":"https:\/\/api.w.org\/{rel}","templated":true}]}}