{"id":88165,"date":"2023-09-15T14:12:53","date_gmt":"2023-09-15T17:12:53","guid":{"rendered":"https:\/\/corrientesdetarde.com\/?p=88165"},"modified":"2023-09-15T14:13:05","modified_gmt":"2023-09-15T17:13:05","slug":"enterate-cuando-estaria-ricardo-arjona-en-corrientes","status":"publish","type":"post","link":"https:\/\/corrientesdetarde.com\/index.php\/espectaculos\/enterate-cuando-estaria-ricardo-arjona-en-corrientes\/","title":{"rendered":"Enter\u00e1te cu\u00e1ndo estar\u00eda Ricardo Arjona en Corrientes"},"content":{"rendered":"\n<p>Federico Cheme, expres\u00f3: &#8220;puede ser el domingo 26 de noviembre o el domingo 3 de diciembre, estamos peleando para que se aun fin de semana, rechac\u00e9 el martes 28, no quiero que sea entre semana&#8221;.<\/p>\n\n\n\n<p>A su vez, el l\u00edder de Ribera Producciones, indic\u00f3: &#8220;el 25 de noviembre ya est\u00e1 en Bolivia, el 6 de diciembre en Neuqu\u00e9n y el 10 y 11 en Chile&#8221;.<\/p>\n\n\n\n<p>Asimismo, Cheme, mencion\u00f3: &#8220;la venta de tickets sigue con normalidad, por ahora estamos manteniendo los precios, hasta diciembre al menos&#8221;.<\/p>\n\n\n\n<p>Por otro lado, adelant\u00f3: &#8220;el 17 de noviembre podr\u00eda llegar una artista argentina que se alej\u00f3 de los escenarios y que est\u00e1 volviendo de a poco&#8221;; y agreg\u00f3: &#8220;est\u00e1 actualmente en un programa muy famoso de talentos&#8221;.<\/p>\n","protected":false},"excerpt":{"rendered":"<p>Federico Cheme, expres\u00f3: &#8220;puede ser el domingo 26 de noviembre o el domingo 3 de diciembre, estamos peleando para que se aun fin de semana, rechac\u00e9 el martes 28, no&hellip; <\/p>\n","protected":false},"author":1,"featured_media":88181,"comment_status":"closed","ping_status":"open","sticky":false,"template":"","format":"standard","meta":{"footnotes":""},"categories":[19],"tags":[],"class_list":["post-88165","post","type-post","status-publish","format-standard","has-post-thumbnail","hentry","category-espectaculos"],"_links":{"self":[{"href":"https:\/\/corrientesdetarde.com\/index.php\/wp-json\/wp\/v2\/posts\/88165","targetHints":{"allow":["GET"]}}],"collection":[{"href":"https:\/\/corrientesdetarde.com\/index.php\/wp-json\/wp\/v2\/posts"}],"about":[{"href":"https:\/\/corrientesdetarde.com\/index.php\/wp-json\/wp\/v2\/types\/post"}],"author":[{"embeddable":true,"href":"https:\/\/corrientesdetarde.com\/index.php\/wp-json\/wp\/v2\/users\/1"}],"replies":[{"embeddable":true,"href":"https:\/\/corrientesdetarde.com\/index.php\/wp-json\/wp\/v2\/comments?post=88165"}],"version-history":[{"count":1,"href":"https:\/\/corrientesdetarde.com\/index.php\/wp-json\/wp\/v2\/posts\/88165\/revisions"}],"predecessor-version":[{"id":88182,"href":"https:\/\/corrientesdetarde.com\/index.php\/wp-json\/wp\/v2\/posts\/88165\/revisions\/88182"}],"wp:featuredmedia":[{"embeddable":true,"href":"https:\/\/corrientesdetarde.com\/index.php\/wp-json\/wp\/v2\/media\/88181"}],"wp:attachment":[{"href":"https:\/\/corrientesdetarde.com\/index.php\/wp-json\/wp\/v2\/media?parent=88165"}],"wp:term":[{"taxonomy":"category","embeddable":true,"href":"https:\/\/corrientesdetarde.com\/index.php\/wp-json\/wp\/v2\/categories?post=88165"},{"taxonomy":"post_tag","embeddable":true,"href":"https:\/\/corrientesdetarde.com\/index.php\/wp-json\/wp\/v2\/tags?post=88165"}],"curies":[{"name":"wp","href":"https:\/\/api.w.org\/{rel}","templated":true}]}}