{"id":88189,"date":"2023-09-15T18:15:37","date_gmt":"2023-09-15T21:15:37","guid":{"rendered":"https:\/\/corrientesdetarde.com\/?p=88189"},"modified":"2023-09-15T18:15:48","modified_gmt":"2023-09-15T21:15:48","slug":"pidieron-la-detencion-de-anibal-lotocki-por-otra-causa","status":"publish","type":"post","link":"https:\/\/corrientesdetarde.com\/index.php\/sociales\/pidieron-la-detencion-de-anibal-lotocki-por-otra-causa\/","title":{"rendered":"Pidieron la detenci\u00f3n de An\u00edbal Lotocki por otra causa"},"content":{"rendered":"\n<p>El fiscal Lucio Herrera pidi\u00f3 esta semana&nbsp;<strong>la detenci\u00f3n de An\u00edbal Lotocki en el marco de la denuncia penal presentada por el core\u00f3grado uruguayo Raphael Dufort a prop\u00f3sito de una mala praxis sufrida en 2008.<\/strong><\/p>\n\n\n\n<p>Herrera investiga al Lotocki por &#8220;homicidio en grado de tentativa&#8221; con uso de veneno en referencia a la sustancia que el cirujano le aplic\u00f3 a Dufort en su consultorio de la ciudad de Buenos Aires en la consulta que<strong>fue descrita por la v\u00edctima como &#8220;una masacre&#8221;.<\/strong>&nbsp;<\/p>\n\n\n\n<p>Despu\u00e9s de 15 a\u00f1os, Dufort asegur\u00f3 que desarroll\u00f3 la misma insuficiencia renal por hipercalcemia que otros pacientes de An\u00edbal Lotocki, incluidos Silvina Luna y Mariano Caprarola, quienes fallecieron en las \u00faltimas semanas por complicaciones relacionadas a la mala praxis del cirujano.<\/p>\n\n\n\n<p>Lotocki, quien nunca hizo la especializaci\u00f3n en cirug\u00eda pl\u00e1stica, atendi\u00f3 a numerosas celebridades y artistas a lo largo de su carrera. En 2022 fue condenado a cuatro a\u00f1os de prisi\u00f3n y cinco de inhabilitaci\u00f3n para ejercer la medicina&nbsp;<strong>por la mala praxis<\/strong>&nbsp;perpretrada a Stefy Xipolitakis, Silvina Luna, Gabriela Trenchi y Pamela Sosa.<\/p>\n\n\n\n<p>Silvina Luna muri\u00f3 en agosto de este a\u00f1o y su abogado, Fernando Burlando, pidi\u00f3 la detenci\u00f3n de An\u00edbal Lotocki como responsable de su deceso.<\/p>\n\n\n\n<p>Mientras tanto, Dufort present\u00f3 su denuncia penal contra el cirujano ante el Tribunal Oral N\u00b028, el mismo que&nbsp;<strong>lo conden\u00f3 en 2022<\/strong>, y expuso los registros m\u00e9dicos de c\u00f3mo est\u00e1 su salud.<\/p>\n\n\n\n<p>&#8220;Esto me gener\u00f3 un transtorno total a nivel f\u00edsico porque el dolor es insoportable, tengo que tomar calmantes hace 11 a\u00f1os y ya casi no me hacen efecto. A los cuatro a\u00f1os se me formaron dos pelotas en los ri\u00f1ones de 2,20 cent\u00edmetros: los c\u00e1lculos renales que se iban formando a trav\u00e9s de la descalcificaci\u00f3n de mi cuerpo&#8221;, explic\u00f3 Dufort cuando estuvo en Buenos Aires.<\/p>\n","protected":false},"excerpt":{"rendered":"<p>El fiscal Lucio Herrera pidi\u00f3 esta semana&nbsp;la detenci\u00f3n de An\u00edbal Lotocki en el marco de la denuncia penal presentada por el core\u00f3grado uruguayo Raphael Dufort a prop\u00f3sito de una mala&hellip; <\/p>\n","protected":false},"author":1,"featured_media":88192,"comment_status":"closed","ping_status":"open","sticky":false,"template":"","format":"standard","meta":{"footnotes":""},"categories":[17],"tags":[],"class_list":["post-88189","post","type-post","status-publish","format-standard","has-post-thumbnail","hentry","category-sociales"],"_links":{"self":[{"href":"https:\/\/corrientesdetarde.com\/index.php\/wp-json\/wp\/v2\/posts\/88189","targetHints":{"allow":["GET"]}}],"collection":[{"href":"https:\/\/corrientesdetarde.com\/index.php\/wp-json\/wp\/v2\/posts"}],"about":[{"href":"https:\/\/corrientesdetarde.com\/index.php\/wp-json\/wp\/v2\/types\/post"}],"author":[{"embeddable":true,"href":"https:\/\/corrientesdetarde.com\/index.php\/wp-json\/wp\/v2\/users\/1"}],"replies":[{"embeddable":true,"href":"https:\/\/corrientesdetarde.com\/index.php\/wp-json\/wp\/v2\/comments?post=88189"}],"version-history":[{"count":1,"href":"https:\/\/corrientesdetarde.com\/index.php\/wp-json\/wp\/v2\/posts\/88189\/revisions"}],"predecessor-version":[{"id":88193,"href":"https:\/\/corrientesdetarde.com\/index.php\/wp-json\/wp\/v2\/posts\/88189\/revisions\/88193"}],"wp:featuredmedia":[{"embeddable":true,"href":"https:\/\/corrientesdetarde.com\/index.php\/wp-json\/wp\/v2\/media\/88192"}],"wp:attachment":[{"href":"https:\/\/corrientesdetarde.com\/index.php\/wp-json\/wp\/v2\/media?parent=88189"}],"wp:term":[{"taxonomy":"category","embeddable":true,"href":"https:\/\/corrientesdetarde.com\/index.php\/wp-json\/wp\/v2\/categories?post=88189"},{"taxonomy":"post_tag","embeddable":true,"href":"https:\/\/corrientesdetarde.com\/index.php\/wp-json\/wp\/v2\/tags?post=88189"}],"curies":[{"name":"wp","href":"https:\/\/api.w.org\/{rel}","templated":true}]}}