{"id":88190,"date":"2023-09-15T18:10:27","date_gmt":"2023-09-15T21:10:27","guid":{"rendered":"https:\/\/corrientesdetarde.com\/?p=88190"},"modified":"2023-09-15T18:10:32","modified_gmt":"2023-09-15T21:10:32","slug":"polemica-en-el-chaco-cecilia-strzyzowski-estuvo-en-el-padron-en-las-paso","status":"publish","type":"post","link":"https:\/\/corrientesdetarde.com\/index.php\/crimen-y-justicia\/polemica-en-el-chaco-cecilia-strzyzowski-estuvo-en-el-padron-en-las-paso\/","title":{"rendered":"Pol\u00e9mica en el Chaco: \u00bfCecilia Strzyzowski estuvo en el padr\u00f3n en las PASO?"},"content":{"rendered":"\n<p>&#8220;Mi\u00a0hija se levant\u00f3 del r\u00edo Tragadero a votar. El DNI estaba con su billetera quemado&#8221;, escribi\u00f3 este jueves la mujer en sus redes sociales. En este marco, comparti\u00f3 la captura de la p\u00e1gina de infractores, en la que se ve\u00eda, en verde, el nombre y DNI de Cecilia.<\/p>\n\n\n\n<p>Seg\u00fan el medio V\u00eda Pa\u00eds, Gloria se pregunt\u00f3 tambi\u00e9n si ella tambi\u00e9n aparec\u00eda y comparti\u00f3 una historia que la mostraba como infractora por no haber ido a votar. Por este hecho, su nombre aparec\u00eda en rojo, a diferencia del caso de Cecilia, que aparec\u00eda en verde. Ante esto, la mujer infiri\u00f3 que su hija aparec\u00eda como si hubiera votado.<\/p>\n\n\n\n<p>&nbsp;<br>&nbsp;<br><strong>Cecilia Strzyzowski y la explicaci\u00f3n de su presunto voto<\/strong><br>Seg\u00fan se pudo saber desde la C\u00e1mara Electoral, cuando hay un caso como el de Cecilia, &#8220;se anula su ficha del padr\u00f3n y se saca el troquel&#8221;. Esto significa que nadie firm\u00f3 su voto y que &#8220;no est\u00e1 est\u00e1 en el registro de infractores&#8221;&nbsp; y que no ten\u00eda que votar debido a la anulaci\u00f3n.<\/p>\n\n\n\n<p>Esto se puede verificar a trav\u00e9s de una serie de capturas, donde efectivamente se ve que el troquel del voto de la joven fue anulado. Por este punto no puede votar y por eso no figura en el registro de infractores.<\/p>\n\n\n\n<figure class=\"wp-block-image\"><img decoding=\"async\" src=\"https:\/\/www.diarioepoca.com\/content\/bucket\/7\/1320067w762h524c.jpg.webp\" alt=\"\"\/><\/figure>\n","protected":false},"excerpt":{"rendered":"<p>&#8220;Mi\u00a0hija se levant\u00f3 del r\u00edo Tragadero a votar. El DNI estaba con su billetera quemado&#8221;, escribi\u00f3 este jueves la mujer en sus redes sociales. En este marco, comparti\u00f3 la captura&hellip; <\/p>\n","protected":false},"author":1,"featured_media":70078,"comment_status":"closed","ping_status":"open","sticky":false,"template":"","format":"standard","meta":{"footnotes":""},"categories":[5],"tags":[],"class_list":["post-88190","post","type-post","status-publish","format-standard","has-post-thumbnail","hentry","category-crimen-y-justicia"],"_links":{"self":[{"href":"https:\/\/corrientesdetarde.com\/index.php\/wp-json\/wp\/v2\/posts\/88190","targetHints":{"allow":["GET"]}}],"collection":[{"href":"https:\/\/corrientesdetarde.com\/index.php\/wp-json\/wp\/v2\/posts"}],"about":[{"href":"https:\/\/corrientesdetarde.com\/index.php\/wp-json\/wp\/v2\/types\/post"}],"author":[{"embeddable":true,"href":"https:\/\/corrientesdetarde.com\/index.php\/wp-json\/wp\/v2\/users\/1"}],"replies":[{"embeddable":true,"href":"https:\/\/corrientesdetarde.com\/index.php\/wp-json\/wp\/v2\/comments?post=88190"}],"version-history":[{"count":1,"href":"https:\/\/corrientesdetarde.com\/index.php\/wp-json\/wp\/v2\/posts\/88190\/revisions"}],"predecessor-version":[{"id":88191,"href":"https:\/\/corrientesdetarde.com\/index.php\/wp-json\/wp\/v2\/posts\/88190\/revisions\/88191"}],"wp:featuredmedia":[{"embeddable":true,"href":"https:\/\/corrientesdetarde.com\/index.php\/wp-json\/wp\/v2\/media\/70078"}],"wp:attachment":[{"href":"https:\/\/corrientesdetarde.com\/index.php\/wp-json\/wp\/v2\/media?parent=88190"}],"wp:term":[{"taxonomy":"category","embeddable":true,"href":"https:\/\/corrientesdetarde.com\/index.php\/wp-json\/wp\/v2\/categories?post=88190"},{"taxonomy":"post_tag","embeddable":true,"href":"https:\/\/corrientesdetarde.com\/index.php\/wp-json\/wp\/v2\/tags?post=88190"}],"curies":[{"name":"wp","href":"https:\/\/api.w.org\/{rel}","templated":true}]}}