{"id":88218,"date":"2023-09-15T21:06:13","date_gmt":"2023-09-16T00:06:13","guid":{"rendered":"https:\/\/corrientesdetarde.com\/?p=88218"},"modified":"2023-09-15T21:06:24","modified_gmt":"2023-09-16T00:06:24","slug":"un-hombre-prendio-fuego-a-su-mujer-y-a-su-hijo-de-15-anos-ella-murio-y-el-chico-esta-grave","status":"publish","type":"post","link":"https:\/\/corrientesdetarde.com\/index.php\/policiales\/un-hombre-prendio-fuego-a-su-mujer-y-a-su-hijo-de-15-anos-ella-murio-y-el-chico-esta-grave\/","title":{"rendered":"Un hombre prendi\u00f3 fuego a su mujer y a su hijo de 15 a\u00f1os: ella muri\u00f3 y el chico est\u00e1 grave"},"content":{"rendered":"\n<p><strong>Un hombre discuti\u00f3 con su pareja y la prendi\u00f3 fuego en su casa de\u00a0Pergamino<\/strong>. En el lugar<strong>\u00a0tambi\u00e9n estaba su hijo de 15 a\u00f1os<\/strong>, que sufri\u00f3 quemaduras y sobrevivi\u00f3 al ataque. La mujer estuvo internada en grave estado y falleci\u00f3 este jueves como consecuencias de las quemaduras. Su esposo fue arrestado.<\/p>\n\n\n\n<p>Se trata de\u00a0<strong>Ricardo Ageno<\/strong>, quien ser\u00e1 indagado en las pr\u00f3ximas horas por el fiscal Nelson Mastorchio. Se investiga el hecho como un\u00a0<strong>femicidio\u00a0y homicidio agravado por el v\u00ednculo en grado de tentativa.<\/strong><\/p>\n\n\n\n<p>La mujer fue identificada como&nbsp;<strong>Mar\u00eda Alejandra Ayi (47) y<\/strong>&nbsp;muri\u00f3 este jueves a la noche en el hospital de Pergamino, tras estar cerca de 24 horas internada con grav\u00edsimas quemaduras.<\/p>\n\n\n\n<p>El fiscal explic\u00f3 que el episodio ocurri\u00f3 la noche del mi\u00e9rcoles, cuando Ageno pas\u00f3 a buscar a su hijo adolescente por el gimnasio que queda a pocas cuadras de su casa y lo llev\u00f3 hasta el domicilio donde estaba su mujer, en Montevideo al 1100.<\/p>\n\n\n\n<p>Adentro de la casa,<strong>&nbsp;la pareja habr\u00eda mantenido una discusi\u00f3n<\/strong>. \u201cEse mismo d\u00eda, el hombre hab\u00eda sido notificado de la sentencia de divorcio\u201d, explic\u00f3 Mastorchio a la prensa. Fue en el marco de la pelea que&nbsp;<strong>el hombre roci\u00f3 con combustible a su mujer y a su hijo y luego los prendi\u00f3 fuego.<\/strong><\/p>\n\n\n\n<p>De acuerdo a testimonios y las grabaciones de una c\u00e1mara de seguridad de la cuadra,&nbsp;<strong>el adolescente sali\u00f3 envuelto en llamas<\/strong>. De inmediato, fue auxiliado por vecinos que llamaron a una ambulancia.<\/p>\n\n\n\n<p>En tanto, la mujer no pudo escapar y&nbsp;<strong>sufri\u00f3 graves quemaduras en m\u00e1s de 95 por ciento del cuerpo<\/strong>&nbsp;que le provocaron la muerte.<\/p>\n\n\n\n<h2 class=\"wp-block-heading\">\u201cMe mand\u00e9 una macana\u201d, la excusa del femicida de Pergamino<\/h2>\n\n\n\n<p>Cuando la polic\u00eda lleg\u00f3 al lugar, encontr\u00f3 a Ageno con lesiones leves en el garaje de la casa, donde tiene una herrer\u00eda.&nbsp;<strong>El hombre dijo que se hab\u00eda mandado \u201cuna macana\u201d<\/strong>, ya que hab\u00eda pateado un bid\u00f3n con nafta sobre un calefactor que hab\u00eda en la cocina, y que eso hab\u00eda provocado el incendio.<\/p>\n\n\n\n<p>Seg\u00fan el fiscal, de las&nbsp;<strong>pericias&nbsp;<\/strong>posteriores surgi\u00f3 que las v\u00edctimas no hab\u00edan sufrido quemaduras por un incendio registrado en la vivienda, sino que<strong>&nbsp;fueron directamente rociadas con un material inflamable y prendidas fuego.<\/strong><\/p>\n\n\n\n<figure class=\"wp-block-image\"><img decoding=\"async\" src=\"https:\/\/tn.com.ar\/resizer\/5VI58Rkc_N3Riyn-qAuHLVGRToc=\/767x0\/smart\/filters:format(webp)\/cloudfront-us-east-1.images.arcpublishing.com\/artear\/GXCZ6L7GJVBP7OVEK2UD7FOFXE.jpeg\" alt=\"El hecho ocurri\u00f3 el mi\u00e9rcoles en su vivienda de la calle Montevideo al 1100, de Pergamino. (Foto: TN)\"\/><figcaption>El hecho ocurri\u00f3 el mi\u00e9rcoles en su vivienda de la calle Montevideo al 1100, de Pergamino. (Foto: TN)<\/figcaption><\/figure>\n\n\n\n<p>\u201cDeterminamos como primera hip\u00f3tesis que<strong>&nbsp;fue algo intencional<\/strong>, por eso la calificaci\u00f3n de la causa como homicidio doblemente agravado para con el imputado\u201d, dijo el representante del Ministerio P\u00fablico.<\/p>\n\n\n\n<p>El fiscal relat\u00f3 que, seg\u00fan los vecinos, \u201cprimero se produce una explosi\u00f3n en la casa, una explosi\u00f3n muy fuerte, y en la c\u00e1mara de un vecino se ve que sale una llamarada por la puerta principal y casi instant\u00e1neamente sale el hijo de 15 a\u00f1os prendido fuego hacia la vereda de enfrente\u201d, describi\u00f3 Mastorchio.<\/p>\n\n\n\n<p>\u201cLa hip\u00f3tesis que tenemos es que esa explosi\u00f3n fue producida por un material acelerante y un foco \u00edgneo que se desarroll\u00f3 en el living. Tenemos acreditado que existi\u00f3 una discusi\u00f3n previa entre ellos y que \u00e9l roci\u00f3 con este material inflamable a ella y al hijo\u201d, agreg\u00f3.<\/p>\n\n\n\n<p>Asimismo, cont\u00f3 que los vecinos ayudaron al joven a sacarse la ropa y declararon que en ning\u00fan momento lleg\u00f3 a decir nada, como as\u00ed tampoco su madre. El fiscal asegur\u00f3 que los relatos de los testigos fueron \u201cestremecedores\u201d.<\/p>\n\n\n\n<p>Sobre el acusado, el representante del ministerio p\u00fablico manifest\u00f3 que \u201clo primero que refiere (el aucusado) textualmente es&nbsp;<strong>\u2018me mand\u00e9 una macana, estuve mal<\/strong>. Hab\u00eda un bid\u00f3n de nafta en la cocina, lo pate\u00e9 y se cay\u00f3 contra el calefactor\u2019\u201d.<\/p>\n\n\n\n<figure class=\"wp-block-image\"><img decoding=\"async\" src=\"https:\/\/tn.com.ar\/resizer\/XlOQHIF2TkP7Z5r717KL4osywUk=\/767x0\/smart\/filters:format(webp)\/cloudfront-us-east-1.images.arcpublishing.com\/artear\/W5UPXLCMKBC6VBCXYMSXQB6ALA.png\" alt=\"Ricardo Ageno fue detenido por la muerte de Mar\u00eda Alejandra Ayi (47).  (Foto: Facebook Alejandra Ayi)\"\/><figcaption>Ricardo Ageno fue detenido por la muerte de Mar\u00eda Alejandra Ayi (47). (Foto: Facebook Alejandra Ayi)<\/figcaption><\/figure>\n\n\n\n<p>El fiscal confirm\u00f3 que no existen denuncias por violencia de g\u00e9nero contra el ahora acusado, aunque no descarta que eso se deba a la relaci\u00f3n de \u201csometimiento\u201d que ten\u00eda la v\u00edctima respecto de \u00e9l, seg\u00fan lo declarado por algunos familiares.<\/p>\n\n\n\n<p>El cuerpo de Ayi, que ya fue sometido a la autopsia, fue entregado a su hijo mayor, que viaj\u00f3 desde San Nicol\u00e1s a Pergamino al enterarse de lo ocurrido con su madre y su hermano.<\/p>\n\n\n\n<p>Ageno ser\u00e1 sometido en los pr\u00f3ximos d\u00edas a pericias psicol\u00f3gicas y psiqui\u00e1tricas y tambi\u00e9n ser\u00e1 indagado por el fiscal que investiga la causa.<\/p>\n","protected":false},"excerpt":{"rendered":"<p>Un hombre discuti\u00f3 con su pareja y la prendi\u00f3 fuego en su casa de\u00a0Pergamino. En el lugar\u00a0tambi\u00e9n estaba su hijo de 15 a\u00f1os, que sufri\u00f3 quemaduras y sobrevivi\u00f3 al ataque.&hellip; <\/p>\n","protected":false},"author":12,"featured_media":88242,"comment_status":"closed","ping_status":"open","sticky":false,"template":"","format":"standard","meta":{"footnotes":""},"categories":[33],"tags":[],"class_list":["post-88218","post","type-post","status-publish","format-standard","has-post-thumbnail","hentry","category-policiales"],"_links":{"self":[{"href":"https:\/\/corrientesdetarde.com\/index.php\/wp-json\/wp\/v2\/posts\/88218","targetHints":{"allow":["GET"]}}],"collection":[{"href":"https:\/\/corrientesdetarde.com\/index.php\/wp-json\/wp\/v2\/posts"}],"about":[{"href":"https:\/\/corrientesdetarde.com\/index.php\/wp-json\/wp\/v2\/types\/post"}],"author":[{"embeddable":true,"href":"https:\/\/corrientesdetarde.com\/index.php\/wp-json\/wp\/v2\/users\/12"}],"replies":[{"embeddable":true,"href":"https:\/\/corrientesdetarde.com\/index.php\/wp-json\/wp\/v2\/comments?post=88218"}],"version-history":[{"count":1,"href":"https:\/\/corrientesdetarde.com\/index.php\/wp-json\/wp\/v2\/posts\/88218\/revisions"}],"predecessor-version":[{"id":88243,"href":"https:\/\/corrientesdetarde.com\/index.php\/wp-json\/wp\/v2\/posts\/88218\/revisions\/88243"}],"wp:featuredmedia":[{"embeddable":true,"href":"https:\/\/corrientesdetarde.com\/index.php\/wp-json\/wp\/v2\/media\/88242"}],"wp:attachment":[{"href":"https:\/\/corrientesdetarde.com\/index.php\/wp-json\/wp\/v2\/media?parent=88218"}],"wp:term":[{"taxonomy":"category","embeddable":true,"href":"https:\/\/corrientesdetarde.com\/index.php\/wp-json\/wp\/v2\/categories?post=88218"},{"taxonomy":"post_tag","embeddable":true,"href":"https:\/\/corrientesdetarde.com\/index.php\/wp-json\/wp\/v2\/tags?post=88218"}],"curies":[{"name":"wp","href":"https:\/\/api.w.org\/{rel}","templated":true}]}}