{"id":88227,"date":"2023-09-15T20:30:09","date_gmt":"2023-09-15T23:30:09","guid":{"rendered":"https:\/\/corrientesdetarde.com\/?p=88227"},"modified":"2023-09-15T20:30:21","modified_gmt":"2023-09-15T23:30:21","slug":"de-paul-se-desgarro-en-la-altura-de-la-paz-el-comunicado-del-atletico-madrid","status":"publish","type":"post","link":"https:\/\/corrientesdetarde.com\/index.php\/deportes\/de-paul-se-desgarro-en-la-altura-de-la-paz-el-comunicado-del-atletico-madrid\/","title":{"rendered":"De Paul se desgarr\u00f3 en la altura de La Paz: el comunicado del Atl\u00e9tico Madrid"},"content":{"rendered":"\n<p>El Atl\u00e9tico de Madrid anunci\u00f3 este viernes que Rodrigo De Paul est\u00e1 desgarrado. El mediocampista regres\u00f3 de la convocatoria a la Selecci\u00f3n argentina con molestias musculares y, una vez de regreso a Espa\u00f1a, se someti\u00f3 a estudios en una cl\u00ednica privada que confirmaron la lesi\u00f3n.<\/p>\n\n\n\n<p><strong>El comunicado del Atl\u00e9tico de Madrid<\/strong><br><em>Rodrigo De Paul regres\u00f3 de la concentraci\u00f3n con la selecci\u00f3n argentina con unas molestias musculares que se produjo en el encuentro ante Bolivia. Los servicios m\u00e9dicos rojiblancos le realizaron pruebas complementarias en la cl\u00ednica Vithas que confirmaron que sufre una lesi\u00f3n muscular en el muslo.<\/em><\/p>\n\n\n\n<p><em>El jugador ya ha comenzado a recibir sesiones de fisioterapia y realizar\u00e1 trabajo de readaptaci\u00f3n en el gimnasio. La evoluci\u00f3n de su lesi\u00f3n determinar\u00e1 su regreso al trabajo con el grupo.<\/em><\/p>\n\n\n\n<p><strong>El llamado que alert\u00f3 al Atl\u00e9tico&nbsp;<\/strong><br>Horas antes de confirmarse el diagn\u00f3stico, medios de Espa\u00f1a confirmaban que los m\u00e9dicos del Atl\u00e9tico de Madrid hab\u00edan sido contactados desde la AFA para comunicarles que el mediocampista hab\u00eda terminado el partido ante Bolivia con una dolencia en un muslo y en el club colchonero se encendieron las alarmas.<\/p>\n\n\n\n<p>Finalmente, trs ser examinado se confirm\u00f3 el desgarro.<\/p>\n\n\n\n<p><strong>Dolor de cabeza para el Cholo Simeone<\/strong><br>Constatada la lesi\u00f3n, De Paul pasa a ser ahora una baja muy importante en momentos en que el equipo del Cholo Simeone afrontar\u00e1 una gran sucesi\u00f3n de partidos importantes entre Liga de Espa\u00f1a y UEFA Champions League, entre ellos, adem\u00e1s, el cl\u00e1sico con el Real Madrid.<\/p>\n","protected":false},"excerpt":{"rendered":"<p>El Atl\u00e9tico de Madrid anunci\u00f3 este viernes que Rodrigo De Paul est\u00e1 desgarrado. El mediocampista regres\u00f3 de la convocatoria a la Selecci\u00f3n argentina con molestias musculares y, una vez de&hellip; <\/p>\n","protected":false},"author":1,"featured_media":88231,"comment_status":"closed","ping_status":"open","sticky":false,"template":"","format":"standard","meta":{"footnotes":""},"categories":[4],"tags":[],"class_list":["post-88227","post","type-post","status-publish","format-standard","has-post-thumbnail","hentry","category-deportes"],"_links":{"self":[{"href":"https:\/\/corrientesdetarde.com\/index.php\/wp-json\/wp\/v2\/posts\/88227","targetHints":{"allow":["GET"]}}],"collection":[{"href":"https:\/\/corrientesdetarde.com\/index.php\/wp-json\/wp\/v2\/posts"}],"about":[{"href":"https:\/\/corrientesdetarde.com\/index.php\/wp-json\/wp\/v2\/types\/post"}],"author":[{"embeddable":true,"href":"https:\/\/corrientesdetarde.com\/index.php\/wp-json\/wp\/v2\/users\/1"}],"replies":[{"embeddable":true,"href":"https:\/\/corrientesdetarde.com\/index.php\/wp-json\/wp\/v2\/comments?post=88227"}],"version-history":[{"count":1,"href":"https:\/\/corrientesdetarde.com\/index.php\/wp-json\/wp\/v2\/posts\/88227\/revisions"}],"predecessor-version":[{"id":88232,"href":"https:\/\/corrientesdetarde.com\/index.php\/wp-json\/wp\/v2\/posts\/88227\/revisions\/88232"}],"wp:featuredmedia":[{"embeddable":true,"href":"https:\/\/corrientesdetarde.com\/index.php\/wp-json\/wp\/v2\/media\/88231"}],"wp:attachment":[{"href":"https:\/\/corrientesdetarde.com\/index.php\/wp-json\/wp\/v2\/media?parent=88227"}],"wp:term":[{"taxonomy":"category","embeddable":true,"href":"https:\/\/corrientesdetarde.com\/index.php\/wp-json\/wp\/v2\/categories?post=88227"},{"taxonomy":"post_tag","embeddable":true,"href":"https:\/\/corrientesdetarde.com\/index.php\/wp-json\/wp\/v2\/tags?post=88227"}],"curies":[{"name":"wp","href":"https:\/\/api.w.org\/{rel}","templated":true}]}}