{"id":88266,"date":"2023-09-16T08:30:09","date_gmt":"2023-09-16T11:30:09","guid":{"rendered":"https:\/\/corrientesdetarde.com\/?p=88266"},"modified":"2023-09-16T08:30:21","modified_gmt":"2023-09-16T11:30:21","slug":"44o-peregrinacion-juvenil-del-nea-a-itati-se-esperan-mas-de-300-mil-jovenes","status":"publish","type":"post","link":"https:\/\/corrientesdetarde.com\/index.php\/sociales\/44o-peregrinacion-juvenil-del-nea-a-itati-se-esperan-mas-de-300-mil-jovenes\/","title":{"rendered":"44\u00ba Peregrinaci\u00f3n Juvenil del NEA a Itat\u00ed: se esperan m\u00e1s de 300 mil j\u00f3venes"},"content":{"rendered":"\n<p>Con el lema &#8220;Con Mar\u00eda, vayamos sin demora al encuentro de Jes\u00fas&#8221;, j\u00f3venes de las diez diocesis del Noreste Argentino caminar\u00e1n hacia la localidad correntina el 16 y 17 de septiembre.<\/p>\n\n\n\n<p>Miriam Echavarr\u00eda, coordinadora de la Juventud de la Arquidi\u00f3cesis de Corrientes y coordinadora de la Peregrinaci\u00f3n Juvenil a Itat\u00ed, dialog\u00f3 este viernes en El Litoral Radio.&nbsp;<\/p>\n\n\n\n<p>El s\u00e1bado comenzar\u00e1 oficialmente la &#8220;44\u00ba Peregrinaci\u00f3n Juvenil del NEA, hacia la Bas\u00edlica de Itat\u00ed\u201d, para la cual se espera nuevamente una multitudinaria convocatoria de feligreses de toda la argentina y pa\u00edses vecinos.<\/p>\n\n\n\n<p>En la oportunidad Echevarr\u00eda&nbsp;&nbsp;detall\u00f3&nbsp;como se vienen preparando para el fin de semana: &#8220;Esperamos mas de 300 mil j\u00f3venes a esta propuesta de poder peregrinar como Nea a la casa de la Santa Madre&#8221;.&nbsp;<\/p>\n\n\n\n<p>&#8220;El punto de salida va a ser en el kilometro 1032 dela Ruta Nacional 12, la primer di\u00f3cesis de Reconquista va a salir el s\u00e1bado&nbsp;las 8&nbsp;y la \u00faltima va a ser la de Corrientes a las 15&#8221;,&nbsp; inform\u00f3 la coordinadora en el programa Mucho Humo.&nbsp;<\/p>\n\n\n\n<p>En el plan de servicio trazado, colaborar\u00e1n tambi\u00e9n otras fuerzas como el caso de la Gendarmer\u00eda Nacional e instituciones como iglesias, Defensa Civil, Agencia Nacional de Seguridad Vial, Vialidad Provincial, Direcci\u00f3n Provincial de Energ\u00eda de Corrientes, Bomberos Voluntarios, Cruz Roja Argentina, Salud P\u00fablica y las municipalidades de Itat\u00ed, San Cosme, Ramada Paso, Paso de la Patria, y Capital. De igual manera, se coordinar\u00e1 con las polic\u00edas de las provincias de Chaco, Formosa, Misiones y Entre R\u00edos, para informar a los conductores sobre la masiva presencia de personas.<\/p>\n\n\n\n<p>Adem\u00e1s, en los distintos controles policiales se informar\u00e1 de la presencia de personas en el ese tramo de la Ruta 12, por lo cual pedir\u00e1n que circulen con gran precauci\u00f3n.<\/p>\n","protected":false},"excerpt":{"rendered":"<p>Con el lema &#8220;Con Mar\u00eda, vayamos sin demora al encuentro de Jes\u00fas&#8221;, j\u00f3venes de las diez diocesis del Noreste Argentino caminar\u00e1n hacia la localidad correntina el 16 y 17 de&hellip; <\/p>\n","protected":false},"author":3,"featured_media":88267,"comment_status":"closed","ping_status":"open","sticky":false,"template":"","format":"standard","meta":{"footnotes":""},"categories":[17],"tags":[],"class_list":["post-88266","post","type-post","status-publish","format-standard","has-post-thumbnail","hentry","category-sociales"],"_links":{"self":[{"href":"https:\/\/corrientesdetarde.com\/index.php\/wp-json\/wp\/v2\/posts\/88266","targetHints":{"allow":["GET"]}}],"collection":[{"href":"https:\/\/corrientesdetarde.com\/index.php\/wp-json\/wp\/v2\/posts"}],"about":[{"href":"https:\/\/corrientesdetarde.com\/index.php\/wp-json\/wp\/v2\/types\/post"}],"author":[{"embeddable":true,"href":"https:\/\/corrientesdetarde.com\/index.php\/wp-json\/wp\/v2\/users\/3"}],"replies":[{"embeddable":true,"href":"https:\/\/corrientesdetarde.com\/index.php\/wp-json\/wp\/v2\/comments?post=88266"}],"version-history":[{"count":1,"href":"https:\/\/corrientesdetarde.com\/index.php\/wp-json\/wp\/v2\/posts\/88266\/revisions"}],"predecessor-version":[{"id":88268,"href":"https:\/\/corrientesdetarde.com\/index.php\/wp-json\/wp\/v2\/posts\/88266\/revisions\/88268"}],"wp:featuredmedia":[{"embeddable":true,"href":"https:\/\/corrientesdetarde.com\/index.php\/wp-json\/wp\/v2\/media\/88267"}],"wp:attachment":[{"href":"https:\/\/corrientesdetarde.com\/index.php\/wp-json\/wp\/v2\/media?parent=88266"}],"wp:term":[{"taxonomy":"category","embeddable":true,"href":"https:\/\/corrientesdetarde.com\/index.php\/wp-json\/wp\/v2\/categories?post=88266"},{"taxonomy":"post_tag","embeddable":true,"href":"https:\/\/corrientesdetarde.com\/index.php\/wp-json\/wp\/v2\/tags?post=88266"}],"curies":[{"name":"wp","href":"https:\/\/api.w.org\/{rel}","templated":true}]}}