{"id":88295,"date":"2023-09-16T09:04:48","date_gmt":"2023-09-16T12:04:48","guid":{"rendered":"https:\/\/corrientesdetarde.com\/?p=88295"},"modified":"2023-09-16T09:05:00","modified_gmt":"2023-09-16T12:05:00","slug":"dermatitis-atopica-1-de-cada-5-ninos-y-1-cada-10-adultos-lo-padecen","status":"publish","type":"post","link":"https:\/\/corrientesdetarde.com\/index.php\/bienestar-y-salud\/dermatitis-atopica-1-de-cada-5-ninos-y-1-cada-10-adultos-lo-padecen\/","title":{"rendered":"Dermatitis at\u00f3pica: 1 de cada 5 ni\u00f1os y 1 cada 10 adultos lo padecen"},"content":{"rendered":"\n<p>Con el objetivo de generar conciencia sobre la forma en que influye esta enfermedad inflamatoria cr\u00f3nica de la piel en quienes la sufren, diferentes expertos a\u00f1o a a\u00f1o destacan las causas y resaltan los \u00faltimos avances m\u00e9dicos.<\/p>\n\n\n\n<p>En el contexto del D\u00eda Mundial de la Dermatitis At\u00f3pica que se celebr\u00f3 el pasado 14 de septiembre, \u00e9poca se contact\u00f3 con la dermat\u00f3loga Mar\u00eda Alegre para conocer a fondo los n\u00fameros, falta de diagn\u00f3stico sobre la enfermedad inflamatoria cr\u00f3nica de la piel que afecta a uno de cada cinco ni\u00f1os y uno de cada diez adultos. Siendo as\u00ed una de las enfermedades m\u00e1s comunes.<\/p>\n\n\n\n<p>Cabe mencionar que de las cifras mencionadas, aproximadamente la mitad de las personas sufren de una forma moderada a grave la enfermedad, seg\u00fan datos de un estudio realizado por un grupo internacional de expertos en el \u00faltimo a\u00f1o.<\/p>\n\n\n\n<p>La mayor problem\u00e1tica de la enfermedad es la falta de diagn\u00f3stico a tiempo, por lo que conlleva que los pacientes atraviesen gran parte de su vida sin un tratamiento acorde a los eccema que se producen en la piel.<\/p>\n\n\n\n<figure class=\"wp-block-image\"><img decoding=\"async\" src=\"https:\/\/www.diarioepoca.com\/content\/bucket\/0\/1320100w380h133c.jpg.webp\" alt=\"\"\/><\/figure>\n\n\n\n<p>En cuanto a los s\u00edntomas que presentan est\u00e1n el prurito, el malestar y las complicaciones infecciosas en la piel, ya que afectan directamente al bienestar, la percepci\u00f3n personal y las interacciones sociales<\/p>\n\n\n\n<p>Ante este escenario, la doctora explic\u00f3 de qu\u00e9 se trata esta enfermedad, y los s\u00edntomas que presenta diciendo: &#8220;La dermatitis at\u00f3pica es una enfermedad inflamatoria cr\u00f3nica de la piel, que puede causar brotes; es decir, per\u00edodos en los que uno est\u00e1 bien y otros que va a estar brotado constantemente&#8221; pero &#8220;debemos remarcar que esta no es una enfermedad contagiosa&#8221;.<\/p>\n\n\n\n<p>Adem\u00e1s, inform\u00f3 que &#8220;cl\u00ednicamente, ocasiona piel seca, que pica mucho y donde se pueden provocar lesiones que son como placas rojas, brillantes, muy pruriginosa; es decir, que pica un mont\u00f3n, y tiene localizaciones que son muy caracter\u00edsticas&#8221;.<\/p>\n\n\n\n<p>Entre las causas que ocasionan la dermatitis at\u00f3pica remarc\u00f3 que se encuentran la base gen\u00e9tica, como los antecedentes personales o familiares de alergia. Otra de las causas que mencion\u00f3 tiene que ver con las condiciones del clima del lugar donde vive el paciente.<\/p>\n\n\n\n<p>Respecto al tratamiento, la especialista hizo hincapi\u00e9 en que solo se lleva a cabo durante los brotes, remarcando la importancia que tiene la rutina de mantenimiento en estos casos. &#8220;Es necesario explicar a los pacientes que hay que devolverle a la piel lo que se perdi\u00f3&#8221;; es decir, &#8220;que aportemos la barrera de funci\u00f3n, la barrera cut\u00e1nea y para ello se debe usar emoliencias, jabones que son muy espec\u00edficos&#8221;.<\/p>\n\n\n\n<p>Tambi\u00e9n enumer\u00f3 que la utilizaci\u00f3n de ropa de algod\u00f3n es lo m\u00e1s recomendado ya que &#8220;es importante decir a los pacientes que se ba\u00f1en con agua tibia, no con agua muy caliente&#8221; y a\u00f1adi\u00f3: &#8220;Cada una de estas medidas ayudan un mont\u00f3n a proteger la piel del paciente&#8221;.<\/p>\n\n\n\n<figure class=\"wp-block-image\"><img decoding=\"async\" src=\"https:\/\/www.diarioepoca.com\/content\/bucket\/1\/1320101w380h362c.jpg.webp\" alt=\"\"\/><\/figure>\n\n\n\n<p>En cuanto a la edad de los que padecen la enfermedad, la especialista detall\u00f3 que &#8220;por lo general la dermatitis at\u00f3pica es muy frecuente en ni\u00f1os, pero va avanzando y como es cr\u00f3nica, persiste pero va mejorando durante la vida adulta&#8221;.<\/p>\n\n\n\n<h2 class=\"wp-block-heading\">M\u00e1s datos<\/h2>\n\n\n\n<p>Seg\u00fan un informe presentado por Sociedad de Dermatolog\u00eda Pedi\u00e1trica para Latinoam\u00e9rica sostienen que es frecuente que las personas con dermatitis at\u00f3pica experimenten una carga de enfermedad a\u00fan mayor porque suelen desarrollar inflamaci\u00f3n de tipo dos, tales como asma, rinitis al\u00e9rgica y poliposis nasal.<\/p>\n\n\n\n<p>Adem\u00e1s, los cuadros moderados y severos no controlados adecuadamente se asocian con m\u00e1s riesgo cardiovascular, sobrepeso y obesidad.<\/p>\n","protected":false},"excerpt":{"rendered":"<p>Con el objetivo de generar conciencia sobre la forma en que influye esta enfermedad inflamatoria cr\u00f3nica de la piel en quienes la sufren, diferentes expertos a\u00f1o a a\u00f1o destacan las&hellip; <\/p>\n","protected":false},"author":3,"featured_media":88296,"comment_status":"closed","ping_status":"open","sticky":false,"template":"","format":"standard","meta":{"footnotes":""},"categories":[16],"tags":[],"class_list":["post-88295","post","type-post","status-publish","format-standard","has-post-thumbnail","hentry","category-bienestar-y-salud"],"_links":{"self":[{"href":"https:\/\/corrientesdetarde.com\/index.php\/wp-json\/wp\/v2\/posts\/88295","targetHints":{"allow":["GET"]}}],"collection":[{"href":"https:\/\/corrientesdetarde.com\/index.php\/wp-json\/wp\/v2\/posts"}],"about":[{"href":"https:\/\/corrientesdetarde.com\/index.php\/wp-json\/wp\/v2\/types\/post"}],"author":[{"embeddable":true,"href":"https:\/\/corrientesdetarde.com\/index.php\/wp-json\/wp\/v2\/users\/3"}],"replies":[{"embeddable":true,"href":"https:\/\/corrientesdetarde.com\/index.php\/wp-json\/wp\/v2\/comments?post=88295"}],"version-history":[{"count":1,"href":"https:\/\/corrientesdetarde.com\/index.php\/wp-json\/wp\/v2\/posts\/88295\/revisions"}],"predecessor-version":[{"id":88297,"href":"https:\/\/corrientesdetarde.com\/index.php\/wp-json\/wp\/v2\/posts\/88295\/revisions\/88297"}],"wp:featuredmedia":[{"embeddable":true,"href":"https:\/\/corrientesdetarde.com\/index.php\/wp-json\/wp\/v2\/media\/88296"}],"wp:attachment":[{"href":"https:\/\/corrientesdetarde.com\/index.php\/wp-json\/wp\/v2\/media?parent=88295"}],"wp:term":[{"taxonomy":"category","embeddable":true,"href":"https:\/\/corrientesdetarde.com\/index.php\/wp-json\/wp\/v2\/categories?post=88295"},{"taxonomy":"post_tag","embeddable":true,"href":"https:\/\/corrientesdetarde.com\/index.php\/wp-json\/wp\/v2\/tags?post=88295"}],"curies":[{"name":"wp","href":"https:\/\/api.w.org\/{rel}","templated":true}]}}