{"id":88298,"date":"2023-09-16T09:05:44","date_gmt":"2023-09-16T12:05:44","guid":{"rendered":"https:\/\/corrientesdetarde.com\/?p=88298"},"modified":"2023-09-16T09:05:45","modified_gmt":"2023-09-16T12:05:45","slug":"paso-de-los-libres-son-19-las-personas-evacuadas","status":"publish","type":"post","link":"https:\/\/corrientesdetarde.com\/index.php\/informacion-general\/paso-de-los-libres-son-19-las-personas-evacuadas\/","title":{"rendered":"Paso de los Libres: son 19 las personas evacuadas"},"content":{"rendered":"\n<p>La localidad de Paso de los Libres se encuentra afectada por la crecida del r\u00edo Uruguay. Las aguas del r\u00edo que ba\u00f1a la costa este de la provincia comienza a causar inconvenientes en las localidades ribere\u00f1as.<\/p>\n\n\n\n<p>&nbsp;En las \u00faltimas horas de ayer se tuvieron que evacuar a 11 personas que se suman a otras ocho que ya estaban alojadas en las instalaciones del ex Regimiento 5, donde se quedar\u00e1n alojadas hasta que las aguas vuelvan a bajar a niveles normales.<\/p>\n\n\n\n<p>Personal de la Prefectura Naval Argentina colabor\u00f3 con la comunidad que est\u00e1 sufriendo el embate de las aguas, lo hicieron en coordinaci\u00f3n con la Direcci\u00f3n de Defensa Civil Municipal de Paso de los Libres. Los efectivos de Prefectura asistieron a los vecinos del barrio 25 de Mayo, cuyas viviendas fueron afectadas por la inundaci\u00f3n.<\/p>\n\n\n\n<p>Con la participaci\u00f3n de personal de la Estaci\u00f3n Salvamento, Incendio y Protecci\u00f3n Ambiental de la Prefectura local, se evacu\u00f3 a las familias afectadas, cuyas viviendas se hallan en inmediaciones de la intersecci\u00f3n de las calles 25 de Mayo y Carlos Pellegrini.<\/p>\n\n\n\n<figure class=\"wp-block-image\"><img decoding=\"async\" src=\"https:\/\/www.diarioepoca.com\/content\/bucket\/8\/1320108w380h143c.jpg.webp\" alt=\"\"\/><\/figure>\n\n\n\n<p>&#8220;Ya estamos en etapa de evacuaci\u00f3n&#8221;, indicaron fuentes de Prefectura.<\/p>\n\n\n\n<figure class=\"wp-block-image\"><img decoding=\"async\" src=\"https:\/\/www.diarioepoca.com\/content\/bucket\/7\/1320107w380h295c.jpg.webp\" alt=\"\"\/><\/figure>\n\n\n\n<p>En tanto que en Monte Caseros la creciente se ubic\u00f3 ayer en horas de la ma\u00f1ana en 6,92 metros y si bien contin\u00faa en ascenso, a\u00fan no est\u00e1 considerado como riesgo de evacuaci\u00f3n, aunque est\u00e1 a unos 30 cent\u00edmetros de eso.<\/p>\n\n\n\n<p>Las autoridades locales, en forma conjuntas con fuerzas de seguridad y Defensa Civil resaltaron que hay que estar atentos a lo que ocurra en las pr\u00f3ximas horas en las que podr\u00edan haber evacuados.<\/p>\n","protected":false},"excerpt":{"rendered":"<p>La localidad de Paso de los Libres se encuentra afectada por la crecida del r\u00edo Uruguay. Las aguas del r\u00edo que ba\u00f1a la costa este de la provincia comienza a&hellip; <\/p>\n","protected":false},"author":3,"featured_media":88299,"comment_status":"closed","ping_status":"open","sticky":false,"template":"","format":"standard","meta":{"footnotes":""},"categories":[1],"tags":[],"class_list":["post-88298","post","type-post","status-publish","format-standard","has-post-thumbnail","hentry","category-informacion-general"],"_links":{"self":[{"href":"https:\/\/corrientesdetarde.com\/index.php\/wp-json\/wp\/v2\/posts\/88298","targetHints":{"allow":["GET"]}}],"collection":[{"href":"https:\/\/corrientesdetarde.com\/index.php\/wp-json\/wp\/v2\/posts"}],"about":[{"href":"https:\/\/corrientesdetarde.com\/index.php\/wp-json\/wp\/v2\/types\/post"}],"author":[{"embeddable":true,"href":"https:\/\/corrientesdetarde.com\/index.php\/wp-json\/wp\/v2\/users\/3"}],"replies":[{"embeddable":true,"href":"https:\/\/corrientesdetarde.com\/index.php\/wp-json\/wp\/v2\/comments?post=88298"}],"version-history":[{"count":1,"href":"https:\/\/corrientesdetarde.com\/index.php\/wp-json\/wp\/v2\/posts\/88298\/revisions"}],"predecessor-version":[{"id":88300,"href":"https:\/\/corrientesdetarde.com\/index.php\/wp-json\/wp\/v2\/posts\/88298\/revisions\/88300"}],"wp:featuredmedia":[{"embeddable":true,"href":"https:\/\/corrientesdetarde.com\/index.php\/wp-json\/wp\/v2\/media\/88299"}],"wp:attachment":[{"href":"https:\/\/corrientesdetarde.com\/index.php\/wp-json\/wp\/v2\/media?parent=88298"}],"wp:term":[{"taxonomy":"category","embeddable":true,"href":"https:\/\/corrientesdetarde.com\/index.php\/wp-json\/wp\/v2\/categories?post=88298"},{"taxonomy":"post_tag","embeddable":true,"href":"https:\/\/corrientesdetarde.com\/index.php\/wp-json\/wp\/v2\/tags?post=88298"}],"curies":[{"name":"wp","href":"https:\/\/api.w.org\/{rel}","templated":true}]}}