{"id":88311,"date":"2023-09-16T10:03:22","date_gmt":"2023-09-16T13:03:22","guid":{"rendered":"https:\/\/corrientesdetarde.com\/?p=88311"},"modified":"2023-09-16T10:03:33","modified_gmt":"2023-09-16T13:03:33","slug":"fabio-tarasow-llego-a-corrientes-para-hablar-de-el-aula-del-futuro","status":"publish","type":"post","link":"https:\/\/corrientesdetarde.com\/index.php\/informacion-general\/fabio-tarasow-llego-a-corrientes-para-hablar-de-el-aula-del-futuro\/","title":{"rendered":"Fabio Tarasow lleg\u00f3 a Corrientes para hablar de \u201cEl Aula del Futuro\u201d"},"content":{"rendered":"\n<p>La ministra de educaci\u00f3n Pr\u00e1xedes L\u00f3pez encabez\u00f3 esta ma\u00f1ana el acto de apertura de la jornada taller EducaInnova organizado por la cartera educativa y dictada por Fabio Tarasow. La actividad titulada \u201cEl aula del futuro\u201d, fue destinada a docentes del nivel secundario y tuvo lugar en el Club San Mart\u00edn de la capital provincial.<\/p>\n\n\n\n<p>En la oportunidad la ministra Pr\u00e1xedes L\u00f3pez resalt\u00f3 la importancia de trabajar en el desarrollo profesional del sector docente e hizo referencia a las actividades que, en esta l\u00ednea, se est\u00e1n desarrollando desde el mi\u00e9rcoles en el marco de Tecnicar 2023.<\/p>\n\n\n\n<p>\u201cEl mi\u00e9rcoles, Ignacio pe\u00f1a habl\u00f3 frente a docentes y estudiantes, de c\u00f3mo se crece de forma exponencial y yo veo que eso es algo que ya est\u00e1 pasando\u201d, marc\u00f3 la Ministra y se refiri\u00f3 a la entrega de notebooks a los estudiantes de Secundaria: \u201cYo quiero que, aunque sea el 10 por ciento de las personas que reciben esas computadoras estudien programaci\u00f3n, desarrollen softwares, puedan estudiar rob\u00f3tica o que tengan motivaciones nuevas\u201d, dijo antes de dar la bienvenida al disertante.<\/p>\n\n\n\n<p>Vale resaltar que Tarasow se especializa en el dise\u00f1o, implementaci\u00f3n y evaluaci\u00f3n de entornos de aprendizaje basados en TIC, y en la capacitaci\u00f3n para la reestructuraci\u00f3n y gesti\u00f3n de las estrategias de aprendizaje en ambientes de comunicaci\u00f3n mediada, entre otras cosas.<\/p>\n","protected":false},"excerpt":{"rendered":"<p>La ministra de educaci\u00f3n Pr\u00e1xedes L\u00f3pez encabez\u00f3 esta ma\u00f1ana el acto de apertura de la jornada taller EducaInnova organizado por la cartera educativa y dictada por Fabio Tarasow. La actividad&hellip; <\/p>\n","protected":false},"author":3,"featured_media":88312,"comment_status":"closed","ping_status":"open","sticky":false,"template":"","format":"standard","meta":{"footnotes":""},"categories":[1],"tags":[],"class_list":["post-88311","post","type-post","status-publish","format-standard","has-post-thumbnail","hentry","category-informacion-general"],"_links":{"self":[{"href":"https:\/\/corrientesdetarde.com\/index.php\/wp-json\/wp\/v2\/posts\/88311","targetHints":{"allow":["GET"]}}],"collection":[{"href":"https:\/\/corrientesdetarde.com\/index.php\/wp-json\/wp\/v2\/posts"}],"about":[{"href":"https:\/\/corrientesdetarde.com\/index.php\/wp-json\/wp\/v2\/types\/post"}],"author":[{"embeddable":true,"href":"https:\/\/corrientesdetarde.com\/index.php\/wp-json\/wp\/v2\/users\/3"}],"replies":[{"embeddable":true,"href":"https:\/\/corrientesdetarde.com\/index.php\/wp-json\/wp\/v2\/comments?post=88311"}],"version-history":[{"count":1,"href":"https:\/\/corrientesdetarde.com\/index.php\/wp-json\/wp\/v2\/posts\/88311\/revisions"}],"predecessor-version":[{"id":88313,"href":"https:\/\/corrientesdetarde.com\/index.php\/wp-json\/wp\/v2\/posts\/88311\/revisions\/88313"}],"wp:featuredmedia":[{"embeddable":true,"href":"https:\/\/corrientesdetarde.com\/index.php\/wp-json\/wp\/v2\/media\/88312"}],"wp:attachment":[{"href":"https:\/\/corrientesdetarde.com\/index.php\/wp-json\/wp\/v2\/media?parent=88311"}],"wp:term":[{"taxonomy":"category","embeddable":true,"href":"https:\/\/corrientesdetarde.com\/index.php\/wp-json\/wp\/v2\/categories?post=88311"},{"taxonomy":"post_tag","embeddable":true,"href":"https:\/\/corrientesdetarde.com\/index.php\/wp-json\/wp\/v2\/tags?post=88311"}],"curies":[{"name":"wp","href":"https:\/\/api.w.org\/{rel}","templated":true}]}}