{"id":88320,"date":"2023-09-16T10:06:01","date_gmt":"2023-09-16T13:06:01","guid":{"rendered":"https:\/\/corrientesdetarde.com\/?p=88320"},"modified":"2023-09-16T10:06:02","modified_gmt":"2023-09-16T13:06:02","slug":"tecnicar-cerro-su-edicion-2023-con-la-participacion-de-mas-de-130-alumnos-de-toda-la-provincia-y-millonarios-premios-para-sus-escuelas","status":"publish","type":"post","link":"https:\/\/corrientesdetarde.com\/index.php\/locales\/tecnicar-cerro-su-edicion-2023-con-la-participacion-de-mas-de-130-alumnos-de-toda-la-provincia-y-millonarios-premios-para-sus-escuelas\/","title":{"rendered":"TECNICAR cerr\u00f3 su edici\u00f3n 2023 con la participaci\u00f3n de m\u00e1s de 130 alumnos de toda la provincia y millonarios premios para sus escuelas"},"content":{"rendered":"\n<p>Este viernes se realiz\u00f3 la premiaci\u00f3n y cierre de TECNICAR 2023, evento que reuni\u00f3 en la costanera de Capital a alumnos de escuelas t\u00e9cnicas de toda la provincia, quienes compitieron con autos de f\u00f3rmula ensamblados por ellos mismos y sus docentes. Se trata de una iniciativa del Gobierno provincial a trav\u00e9s del Ministerio de Educaci\u00f3n, cuyo objetivo es darle visibilidad y fortalecimiento al trabajo que realizan este tipo de establecimiento durante todo el a\u00f1o, adem\u00e1s de fomentar el compa\u00f1erismo y el trabajo en equipo. Por participar, cada escuela se llev\u00f3 al menos un mill\u00f3n de pesos en premios, m\u00e1s equipamiento para sus talleres.<\/p>\n\n\n\n<p>En el cierre y entrega de premios en esta nueva edici\u00f3n de Tecnicar \u201cDesaf\u00edo Corrientes 2023\u201dla ministra de Educaci\u00f3n de la provincia, licenciada&nbsp; Pr\u00e1xedes L\u00f3pez resalt\u00f3 la participaci\u00f3n de todos los equipos de alumnos junto a sus profesores en el que \u201ctodos son premiados con el financiamiento del gobierno provincial que apuesta a la fabricaci\u00f3n de m\u00e1s autos el\u00e9ctricos, fomentando e incentivando la educaci\u00f3n t\u00e9cnica, desarrollando las habilidades mec\u00e1nicas y otorgando un perfil profesional\u201d resumi\u00f3 y anunci\u00f3 que \u201cgracias al apoyo del Gobierno de Corrientes, las 21 escuelas participantes recibir\u00e1n la suma de 1 mill\u00f3n de pesos premiando as\u00ed a cada uno de los proyectos de esta competencia\u201d. Seguidamente dese\u00f3 a todos un \u201cfeliz d\u00eda del profesor el pr\u00f3ximo domingo y un muy feliz d\u00eda del estudiantes a todos los participantes\u201d.<\/p>\n\n\n\n<p>El intendente de Capital, Eduardo Tassano al expresarse ante los presentes destac\u00f3 la realizaci\u00f3n de este evento por parte de los estudiantes y dijo &#8220;los j\u00f3venes que est\u00e1n programando, ideando y trabajando sobre este elemento, que es el auto el\u00e9ctrico, &nbsp;realmente hace al futuro de una ciudad, de una provincia y de un pa\u00eds&#8221; y al referirse sobre los beneficios que aportan estos autos que fabricaron los estudiantes para tratar de evitar el cambio clim\u00e1tico expres\u00f3 que &#8220;Corrientes y la Ciudad de Corrientes luchan contra el cambio clim\u00e1tico, porque es un hecho que despu\u00e9s genera cat\u00e1strofes y en Corrientes hicimos un estudio de c\u00f3mo se generan los gases efecto invernadero y all\u00ed descubrimos que hay un gran porcentaje, que tiene que ver con la modalidad humana, en la ciudad, con lo que generan los autos, y el transporte&#8221; concluy\u00f3.<\/p>\n\n\n\n<p><strong>Premios<\/strong><\/p>\n\n\n\n<p>El ganador del primer lugar en este Tecnicar 2023, result\u00f3 la escuela Fray Luis Beltr\u00e1n de esta capital quien recibir\u00e1 2.500.000 pesos en total como tambi\u00e9n un viaje a la Ciudad de Buenos Aires para todos los integrantes del equipo. Tambi\u00e9n, el equipo que obtuvo el segundo lugar, recibir\u00e1 1.500.000 pesos y una computadora para la escuela. Mientras que el tercer y cuarto lugar, recibir\u00e1n 1 computadora para cada escuela y el ganador de la votaci\u00f3n que se realiz\u00f3 de manera virtual (Escuela Nuevo Milenio de Virasoro) recibir\u00e1 &nbsp;un tablero de herramientas donado por la empresa Asemaq Ferreter\u00eda Industrial.<\/p>\n\n\n\n<p>TECNICAR se enmarca entre las acciones desplegadas desde el Ministerio de Educaci\u00f3n, a trav\u00e9s de la Direcci\u00f3n de Educaci\u00f3n T\u00e9cnico Profesional y la Direcci\u00f3n General de Nivel Secundario.<\/p>\n\n\n\n<p>Participaron del Tecnicar las escuelas de Capital: Juana Manso, Pedro Ferr\u00e9, Fray Luis Beltr\u00e1n, Islas Malvinas, Bernardino Rivadavia y de V\u00edas Navegables. En representaci\u00f3n de localidades del interior, estuvieron presentes las escuelas Juan Esteban Mart\u00ednez (Bella Vista), Hijas de Mar\u00eda (Concepci\u00f3n), Valent\u00edn Virasoro y Francisco Pinaroli (Goya), Escuela T\u00e9cnica de It\u00e1 Ibat\u00e9, Roque Guillermo Carranza (Ituzaing\u00f3), Alfredo Passera (Mocoret\u00e1), Joaqu\u00edn Madariaga (Paso de los Libres), Remedios de Escalada (San Roque), Nuevo Milenio (Virasoro), Escuela T\u00e9cnica de Santo Tom\u00e9, Juan Ram\u00f3n Vidal (Esquina), Jos\u00e9 de San Mart\u00edn (Mercedes), Escuela T\u00e9cnica de Mburucuy\u00e1, Pedro Ferr\u00e9 (Monte Caseros) y Juan Pujol (Saladas).<\/p>\n\n\n\n<p>Cabe se\u00f1alar que las 22 instituciones participantes poseen ofertas en mec\u00e1nica, electricidad, electr\u00f3nica, electromec\u00e1nica, automotores, maestro mayor de obras y mecanizaci\u00f3n agropecuaria, con el fin de promover las capacidades de los estudiantes y las actividades desarrolladas en los talleres de las escuelas t\u00e9cnicas y en funci\u00f3n de los diferentes perfiles profesionales.<\/p>\n\n\n\n<p>Un total de 132 estudiantes de las escuelas t\u00e9cnicas de la provincia exhibieron en dos jornadas los &nbsp;autos el\u00e9ctricos desarrollados en los talleres de los mismos establecimientos, acompa\u00f1ados de 44 docentes, quienes formar\u00e1n parte de actividades deportivas ligadas al automovilismo con energ\u00eda cero emisiones.<\/p>\n\n\n\n<p><strong>Presencias<\/strong><\/p>\n\n\n\n<p>Acompa\u00f1aron a la ministra de Educaci\u00f3n Pr\u00e1xedes Itat\u00ed L\u00f3pez; el intendente de la Capital, Eduardo Tassano; &nbsp;el presidente del Concejo Deliberante, Alfredo Vallejos; &nbsp;el subsecretario de Gesti\u00f3n Educativa, Julio Cesar de la Cruz Navias; el subsecretario de Gesti\u00f3n Administrativa, Mauro Andr\u00e9s Rinaldi y el subsecretario de Infraestructura Escolar, Emilio Breard; intendentes municipales del interior de la provincia; profesores y alumnos.<\/p>\n","protected":false},"excerpt":{"rendered":"<p>Este viernes se realiz\u00f3 la premiaci\u00f3n y cierre de TECNICAR 2023, evento que reuni\u00f3 en la costanera de Capital a alumnos de escuelas t\u00e9cnicas de toda la provincia, quienes compitieron&hellip; <\/p>\n","protected":false},"author":3,"featured_media":88321,"comment_status":"closed","ping_status":"open","sticky":false,"template":"","format":"standard","meta":{"footnotes":""},"categories":[8],"tags":[],"class_list":["post-88320","post","type-post","status-publish","format-standard","has-post-thumbnail","hentry","category-locales"],"_links":{"self":[{"href":"https:\/\/corrientesdetarde.com\/index.php\/wp-json\/wp\/v2\/posts\/88320","targetHints":{"allow":["GET"]}}],"collection":[{"href":"https:\/\/corrientesdetarde.com\/index.php\/wp-json\/wp\/v2\/posts"}],"about":[{"href":"https:\/\/corrientesdetarde.com\/index.php\/wp-json\/wp\/v2\/types\/post"}],"author":[{"embeddable":true,"href":"https:\/\/corrientesdetarde.com\/index.php\/wp-json\/wp\/v2\/users\/3"}],"replies":[{"embeddable":true,"href":"https:\/\/corrientesdetarde.com\/index.php\/wp-json\/wp\/v2\/comments?post=88320"}],"version-history":[{"count":1,"href":"https:\/\/corrientesdetarde.com\/index.php\/wp-json\/wp\/v2\/posts\/88320\/revisions"}],"predecessor-version":[{"id":88322,"href":"https:\/\/corrientesdetarde.com\/index.php\/wp-json\/wp\/v2\/posts\/88320\/revisions\/88322"}],"wp:featuredmedia":[{"embeddable":true,"href":"https:\/\/corrientesdetarde.com\/index.php\/wp-json\/wp\/v2\/media\/88321"}],"wp:attachment":[{"href":"https:\/\/corrientesdetarde.com\/index.php\/wp-json\/wp\/v2\/media?parent=88320"}],"wp:term":[{"taxonomy":"category","embeddable":true,"href":"https:\/\/corrientesdetarde.com\/index.php\/wp-json\/wp\/v2\/categories?post=88320"},{"taxonomy":"post_tag","embeddable":true,"href":"https:\/\/corrientesdetarde.com\/index.php\/wp-json\/wp\/v2\/tags?post=88320"}],"curies":[{"name":"wp","href":"https:\/\/api.w.org\/{rel}","templated":true}]}}