{"id":88329,"date":"2023-09-16T11:07:53","date_gmt":"2023-09-16T14:07:53","guid":{"rendered":"https:\/\/corrientesdetarde.com\/?p=88329"},"modified":"2023-09-16T11:08:04","modified_gmt":"2023-09-16T14:08:04","slug":"valdes-mas-del-70-por-ciento-de-los-argentinos-quiere-un-cambio-nacional","status":"publish","type":"post","link":"https:\/\/corrientesdetarde.com\/index.php\/locales\/valdes-mas-del-70-por-ciento-de-los-argentinos-quiere-un-cambio-nacional\/","title":{"rendered":"Vald\u00e9s: \u201cM\u00e1s del 70 por ciento de los argentinos quiere un cambio nacional\u201d"},"content":{"rendered":"\n<p>El gobernador se puso la campa\u00f1a al hombro de cara al 22 de octubre. Estar\u00e1 ma\u00f1ana en Chaco, en el marco de las elecciones a gobernador para acompa\u00f1ar a los candidatos de JxC y espera a Bullrich.\u00a0<\/p>\n\n\n\n<p>El gobernador Gustavo Vald\u00e9s insisti\u00f3 ayer en que el \u201c70 por ciento de los argentinos esperan un cambio en el rumbo del pa\u00eds\u201d. Anticip\u00f3 que Patricia Bullrich estar\u00e1 el lunes en Corrientes y pidi\u00f3 di\u00e1logo por el conflicto con Paraguay por Yacyret\u00e1 y la hidrov\u00eda.<\/p>\n\n\n\n<p>\u201cTenemos que salir adelante, hacer un cambio l\u00f3gico y posible. Va a ser duro para el pr\u00f3ximo presidente, pero creemos que estamos en la mejor forma, por el volumen territorial, por las propuestas y porque venimos trabajando mucho para cambiar la Argentina\u201d, dijo Vald\u00e9s en declaraciones a Radio Dos.<\/p>\n\n\n\n<p>Sobre su presencia en la provincia del Chaco, el mandatario explic\u00f3: \u201cAcompa\u00f1\u00e9 al gobernador electo de Santa Fe, que estuvo presente, nos pudimos dar un abrazo con Pullaro, y acompa\u00f1ando a Leandro Zdero que nos invit\u00f3 a una conferencia de prensa y estuvimos con un amigo de siempre\u201d.<\/p>\n\n\n\n<p>Consultado sobre la inflaci\u00f3n, dijo: \u201c12,2 por ciento de inflaci\u00f3n, calcul\u00e1bamos una inflaci\u00f3n por ese n\u00famero, por eso otorgamos un aumento del 12% con una suba de 10.000 pesos al plus. Estamos tratando de acompa\u00f1ar esta inflaci\u00f3n, la m\u00e1s grande en 30 a\u00f1os\u201d.<\/p>\n\n\n\n<p>\u201cA las familias les cuesta y para el trabajador est\u00e1 muy dif\u00edcil, esperemos salir de esta situaci\u00f3n\u201d.<\/p>\n\n\n\n<p>\u201cHoy, m\u00e1s del 70% de los argentinos quiere un cambio\u201d, enfatiz\u00f3.<\/p>\n\n\n\n<p>Por otro lado, sobre el conflicto con Paraguay, el gobernador consider\u00f3: \u201cHay que tener una mesa razonable y que todos conozcan los temas y podamos tratar el tema porque es importante la cuesti\u00f3n de l\u00edmites, relacionada con Yacyret\u00e1 y de aprovechamiento de hidrov\u00eda&#8221;.<\/p>\n\n\n\n<p>Respecto a la reuni\u00f3n con rectores de Argentina, en defensa de la educaci\u00f3n p\u00fablica, el primer mandatario destac\u00f3: \u201cVamos a trabajar por la educaci\u00f3n p\u00fablica y gratuita para que no se pretenda cobrar por la educaci\u00f3n. A quienes ya ven menguado su bolsillo tenemos que brindar acceso a una educaci\u00f3n de calidad\u201d. &nbsp;<\/p>\n\n\n\n<p><\/p>\n","protected":false},"excerpt":{"rendered":"<p>El gobernador se puso la campa\u00f1a al hombro de cara al 22 de octubre. Estar\u00e1 ma\u00f1ana en Chaco, en el marco de las elecciones a gobernador para acompa\u00f1ar a los&hellip; <\/p>\n","protected":false},"author":3,"featured_media":88330,"comment_status":"closed","ping_status":"open","sticky":false,"template":"","format":"standard","meta":{"footnotes":""},"categories":[8],"tags":[],"class_list":["post-88329","post","type-post","status-publish","format-standard","has-post-thumbnail","hentry","category-locales"],"_links":{"self":[{"href":"https:\/\/corrientesdetarde.com\/index.php\/wp-json\/wp\/v2\/posts\/88329","targetHints":{"allow":["GET"]}}],"collection":[{"href":"https:\/\/corrientesdetarde.com\/index.php\/wp-json\/wp\/v2\/posts"}],"about":[{"href":"https:\/\/corrientesdetarde.com\/index.php\/wp-json\/wp\/v2\/types\/post"}],"author":[{"embeddable":true,"href":"https:\/\/corrientesdetarde.com\/index.php\/wp-json\/wp\/v2\/users\/3"}],"replies":[{"embeddable":true,"href":"https:\/\/corrientesdetarde.com\/index.php\/wp-json\/wp\/v2\/comments?post=88329"}],"version-history":[{"count":1,"href":"https:\/\/corrientesdetarde.com\/index.php\/wp-json\/wp\/v2\/posts\/88329\/revisions"}],"predecessor-version":[{"id":88331,"href":"https:\/\/corrientesdetarde.com\/index.php\/wp-json\/wp\/v2\/posts\/88329\/revisions\/88331"}],"wp:featuredmedia":[{"embeddable":true,"href":"https:\/\/corrientesdetarde.com\/index.php\/wp-json\/wp\/v2\/media\/88330"}],"wp:attachment":[{"href":"https:\/\/corrientesdetarde.com\/index.php\/wp-json\/wp\/v2\/media?parent=88329"}],"wp:term":[{"taxonomy":"category","embeddable":true,"href":"https:\/\/corrientesdetarde.com\/index.php\/wp-json\/wp\/v2\/categories?post=88329"},{"taxonomy":"post_tag","embeddable":true,"href":"https:\/\/corrientesdetarde.com\/index.php\/wp-json\/wp\/v2\/tags?post=88329"}],"curies":[{"name":"wp","href":"https:\/\/api.w.org\/{rel}","templated":true}]}}