{"id":88332,"date":"2023-09-16T11:08:43","date_gmt":"2023-09-16T14:08:43","guid":{"rendered":"https:\/\/corrientesdetarde.com\/?p=88332"},"modified":"2023-09-16T11:08:44","modified_gmt":"2023-09-16T14:08:44","slug":"monte-caseros-afianza-su-defensa-costera-en-prevencion-de-crecidas-extraordinarias","status":"publish","type":"post","link":"https:\/\/corrientesdetarde.com\/index.php\/informacion-general\/monte-caseros-afianza-su-defensa-costera-en-prevencion-de-crecidas-extraordinarias\/","title":{"rendered":"Monte Caseros afianza su defensa costera en prevenci\u00f3n de crecidas extraordinarias"},"content":{"rendered":"\n<p>Anoche el puerto local marcaba 7,03 en crecimiento, y se cort\u00f3 la navegaci\u00f3n, en tanto la Comuna realiza trabajos de prevenci\u00f3n y aclara que no hay evacuados.\u00a0<\/p>\n\n\n\n<p>El indicador del puerto de Monte Caseros en su medici\u00f3n de las 20 de anoche sobre el nivel de agua del r\u00edo Uruguay marcaba 7,03, en crecimiento, seg\u00fan confirmaron desde la Prefectura Naval Argentina, donde adem\u00e1s precisaron que a\u00fan esperan un nuevo repunte, seg\u00fan el comportamiento de los puertos superiores.<\/p>\n\n\n\n<p>Sin embargo, la ciudad no registra evacuados ni complicaciones, pese a que se suspendi\u00f3 la navegaci\u00f3n en ese tramo. La marca de alerta se da a los 7.50 metros y evacuaci\u00f3n a los 8.50 metros, seg\u00fan indicadores oficiales.<\/p>\n\n\n\n<p>El intendente Juan Carlos Alvarez, en contacto con El Litoral destac\u00f3 que \u201cdesde la Comuna nos mantenemos atentos porque el r\u00edo est\u00e1 crecido. No es para asustarse, ya que este tipo de situaciones en tiempos normales se da 3 a 4 veces al a\u00f1o. Sorprendi\u00f3 un poco ver con el camping municipal y la calle de la costanera con agua\u201d, admiti\u00f3.<\/p>\n\n\n\n<figure class=\"wp-block-image\"><img decoding=\"async\" src=\"https:\/\/pxc.cdn.ellitoral.com.ar\/litoral\/092023\/1694825847577.webp?cw=720&amp;ch=900&amp;extw=jpg\" alt=\"Monte Caseros afianza su defensa costera en prevenci\u00f3n de crecidas extraordinarias\"\/><\/figure>\n\n\n\n<p>Precis\u00f3 adem\u00e1s que hace un tiempo realiz\u00f3 las gestiones necesarias y personal t\u00e9cnico del Ministerio de Obras y Servicios P\u00fablicos de la Provincia arrib\u00f3 al lugar para ejecutar un relevamiento sobre el terrapl\u00e9n costero que se extiende por aproximadamente un kil\u00f3metro, el cual protege a los barrios m\u00e1s expuestos.<\/p>\n\n\n\n<p>\u201cEl resultado fue m\u00e1s que \u00f3ptimo ya que es una obra que tiene sus a\u00f1os y se constat\u00f3 que se halla en perfectas condiciones y puede soportar crecidas que superen &nbsp;los 9 metros\u201d, plante\u00f3.<\/p>\n\n\n\n<p>Sin embargo, se\u00f1al\u00f3 que esos informes indicaron que &nbsp;el terrapl\u00e9n se asent\u00f3 y baj\u00f3 la cota, lo cual demandar\u00e1 una intervenci\u00f3n de un trabajo que deber\u00e1 llevar a cabo personal id\u00f3neo.<\/p>\n\n\n\n<p>Lluvia<\/p>\n\n\n\n<p>\u201cEn cuanto al trabajo que llevamos a cabo nosotros desde la Comuna, realizamos la limpieza de todos los desag\u00fces pluviales y canalizaciones. Las lluvias que hemos tenido puso a prueba esas tareas preventivas ya que el agua escurri\u00f3 con absoluta normalidad\u201d, se\u00f1al\u00f3.<\/p>\n\n\n\n<p>Uno de esos trabajos se llev\u00f3 a cabo &nbsp;en calle Entre R\u00edos del Barrio 308 Viviendas y Barrio Tiro Federal, en la zona del Terrapl\u00e9n.<\/p>\n\n\n\n<p>Insisti\u00f3 en el hecho de que la ciudad no tiene evacuados ni complicaciones, a causa de las crecidas del r\u00edo Uruguay, pero tampoco se mantiene al margen \u201cde los pron\u00f3sticos que hablan de una crecida extraordinaria, que se dice podr\u00eda darse despu\u00e9s de tantos a\u00f1os de sequ\u00eda\u201d, enfatiz\u00f3.<\/p>\n\n\n\n<p>Se refiri\u00f3 al hecho de que se suspendi\u00f3 moment\u00e1neamente el ingreso y egreso de todo tipo de embarcaciones al puerto de Monte Caseros. \u201cTiene que ver con la cota del puerto de Bella Uni\u00f3n, Uruguay, que ya no permite la navegaci\u00f3n y por ende, nosotros tambi\u00e9n aplicamos la misma medida, pese a que de este lado a\u00fan se puede utilizar el \u00e1rea portuaria\u201d, resalt\u00f3.<\/p>\n","protected":false},"excerpt":{"rendered":"<p>Anoche el puerto local marcaba 7,03 en crecimiento, y se cort\u00f3 la navegaci\u00f3n, en tanto la Comuna realiza trabajos de prevenci\u00f3n y aclara que no hay evacuados.\u00a0 El indicador del&hellip; <\/p>\n","protected":false},"author":3,"featured_media":88333,"comment_status":"closed","ping_status":"open","sticky":false,"template":"","format":"standard","meta":{"footnotes":""},"categories":[1],"tags":[],"class_list":["post-88332","post","type-post","status-publish","format-standard","has-post-thumbnail","hentry","category-informacion-general"],"_links":{"self":[{"href":"https:\/\/corrientesdetarde.com\/index.php\/wp-json\/wp\/v2\/posts\/88332","targetHints":{"allow":["GET"]}}],"collection":[{"href":"https:\/\/corrientesdetarde.com\/index.php\/wp-json\/wp\/v2\/posts"}],"about":[{"href":"https:\/\/corrientesdetarde.com\/index.php\/wp-json\/wp\/v2\/types\/post"}],"author":[{"embeddable":true,"href":"https:\/\/corrientesdetarde.com\/index.php\/wp-json\/wp\/v2\/users\/3"}],"replies":[{"embeddable":true,"href":"https:\/\/corrientesdetarde.com\/index.php\/wp-json\/wp\/v2\/comments?post=88332"}],"version-history":[{"count":1,"href":"https:\/\/corrientesdetarde.com\/index.php\/wp-json\/wp\/v2\/posts\/88332\/revisions"}],"predecessor-version":[{"id":88334,"href":"https:\/\/corrientesdetarde.com\/index.php\/wp-json\/wp\/v2\/posts\/88332\/revisions\/88334"}],"wp:featuredmedia":[{"embeddable":true,"href":"https:\/\/corrientesdetarde.com\/index.php\/wp-json\/wp\/v2\/media\/88333"}],"wp:attachment":[{"href":"https:\/\/corrientesdetarde.com\/index.php\/wp-json\/wp\/v2\/media?parent=88332"}],"wp:term":[{"taxonomy":"category","embeddable":true,"href":"https:\/\/corrientesdetarde.com\/index.php\/wp-json\/wp\/v2\/categories?post=88332"},{"taxonomy":"post_tag","embeddable":true,"href":"https:\/\/corrientesdetarde.com\/index.php\/wp-json\/wp\/v2\/tags?post=88332"}],"curies":[{"name":"wp","href":"https:\/\/api.w.org\/{rel}","templated":true}]}}