{"id":88358,"date":"2023-09-17T09:50:00","date_gmt":"2023-09-17T12:50:00","guid":{"rendered":"https:\/\/corrientesdetarde.com\/?p=88358"},"modified":"2023-09-17T09:42:11","modified_gmt":"2023-09-17T12:42:11","slug":"la-escuela-fray-luis-beltran-se-quedo-con-el-primer-lugar-en-el-tecnicar-desafio-corrientes","status":"publish","type":"post","link":"https:\/\/corrientesdetarde.com\/index.php\/sociales\/la-escuela-fray-luis-beltran-se-quedo-con-el-primer-lugar-en-el-tecnicar-desafio-corrientes\/","title":{"rendered":"La escuela Fray Luis Beltr\u00e1n se qued\u00f3 con el primer lugar en el TECNICAR &#8220;Desaf\u00edo Corrientes&#8221;"},"content":{"rendered":"\n<p><\/p>\n\n\n\n<p>En una jornada primaveral, con un sol a pleno, en la Costanera Juan Pablo II tuvo lugar ayer la gran final de una nueva edici\u00f3n del TECNICAR 2023 &#8220;Desaf\u00edo Corrientes&#8221;, actividad que reuni\u00f3 a m\u00e1s 132 estudiantes de las escuelas t\u00e9cnicas de todo el territorio provincial, quienes compitieron con autos el\u00e9ctricos desarrollados en los talleres de los diferentes establecimientos, los que fueron secundados por 44 docentes, quienes formaron parte de actividades deportivas ligadas al automovilismo.<\/p>\n\n\n\n<p>Otra de las partes destacadas fue la posibilidad de que se sumaran equipos mixtos, donde las alumnas de diferentes establecimientos de educaci\u00f3n t\u00e9cnica pudieron mostrar su destreza al volante de sus autos el\u00e9ctricos en plena Costanera Sur.<\/p>\n\n\n\n<p>De la competencia TECNICAR 2023 &#8220;Desaf\u00edo Corrientes&#8221; dieron el presente 132 estudiantes de las escuelas t\u00e9cnicas de la provincia, con autos el\u00e9ctricos desarrollados en los talleres de las mismas instituciones, acompa\u00f1ados de 44 docentes, quienes participaron de actividades deportivas ligadas al automovilismo con energ\u00eda cero emisiones.<\/p>\n\n\n\n<p>En la \u00faltima jornada, en horas del mediod\u00eda, el gobernador Gustavo Vald\u00e9s se acerc\u00f3 para compartir un momento con los estudiantes&nbsp; adem\u00e1s de tomarse fotograf\u00edas con los j\u00f3venes en una jornada c\u00e1lida.<\/p>\n\n\n\n<figure class=\"wp-block-image\"><img decoding=\"async\" src=\"https:\/\/www.radiodos.com.ar\/content\/bucket\/7\/208747h720.jpg.webp\" alt=\"imagen-49766.jpg\"\/><\/figure>\n\n\n\n<figure class=\"wp-block-image\"><img decoding=\"async\" src=\"https:\/\/www.radiodos.com.ar\/content\/bucket\/8\/208748h720.jpg.webp\" alt=\"imagen-49767.jpg\"\/><\/figure>\n\n\n\n<figure class=\"wp-block-image\"><img decoding=\"async\" src=\"https:\/\/www.radiodos.com.ar\/content\/bucket\/9\/208749h720.jpg.webp\" alt=\"imagen-49768.jpg\"\/><\/figure>\n\n\n\n<figure class=\"wp-block-image\"><img decoding=\"async\" src=\"https:\/\/www.radiodos.com.ar\/content\/bucket\/0\/208750h720.jpg.webp\" alt=\"imagen-49771.jpg\"\/><\/figure>\n\n\n\n<figure class=\"wp-block-image\"><img decoding=\"async\" src=\"https:\/\/www.radiodos.com.ar\/content\/bucket\/1\/208751h720.jpg.webp\" alt=\"imagen-49764.jpg\"\/><\/figure>\n\n\n\n<p><\/p>\n\n\n\n<p>El intendente capitalino, Eduardo Tassano, estuvo presente en la premiaci\u00f3n, destac\u00f3 la realizaci\u00f3n de este evento por parte de los estudiantes y los beneficios que aportan sus autos que fabricaron para tratar de evitar el cambio clim\u00e1tico expres\u00f3 que &#8220;Corrientes y la ciudad de Corrientes luchan contra el cambio clim\u00e1tico, porque es un hecho que despu\u00e9s genera cat\u00e1strofes y en Capital hicimos un estudio de c\u00f3mo se generan los gases efecto invernadero y all\u00ed descubrimos que hay un gran porcentaje, que tiene que ver con la modalidad humana, en la ciudad, con lo que generan los autos y el transporte&#8221;, finaliz\u00f3.<\/p>\n\n\n\n<p><strong>Las escuelas<\/strong><\/p>\n\n\n\n<p>Las escuelas t\u00e9cnicas que participaron de esta edici\u00f3n de TECNICAR fueron de Capital: Juana Manso, Pedro Ferr\u00e9, Fray Luis Beltr\u00e1n, Islas Malvinas, Bernardino Rivadavia y de V\u00edas Navegables. En representaci\u00f3n de localidades del interior, estuvieron presentes las escuelas Juan Esteban Mart\u00ednez (Bella Vista), Hijas de Mar\u00eda (Concepci\u00f3n), Valent\u00edn Virasoro y Francisco Pinaroli (Goya), Escuela T\u00e9cnica de It\u00e1 Ibat\u00e9, Roque Guillermo Carranza (Ituzaing\u00f3), Alfredo Passera (Mocoret\u00e1), Joaqu\u00edn Madariaga (Paso de los Libres), Remedios de Escalada (San Roque), Nuevo Milenio (Virasoro), Escuela T\u00e9cnica de Santo Tom\u00e9, Juan Ram\u00f3n Vidal (Esquina), Jos\u00e9 de San Mart\u00edn (Mercedes), Escuela T\u00e9cnica de Mburucuy\u00e1, Pedro Ferr\u00e9 (Monte Caseros) y Juan Pujol (Saladas).<\/p>\n\n\n\n<p>Cabe se\u00f1alar que las 22 instituciones participantes poseen ofertas educativas en Mec\u00e1nica, Electricidad, Electr\u00f3nica, Electromec\u00e1nica, Automotores, Maestro Mayor de Obras y Mecanizaci\u00f3n Agropecuaria, con el fin de promover las capacidades de los estudiantes y las actividades desarrolladas en los talleres de las escuelas t\u00e9cnicas y en funci\u00f3n de los diferentes perfiles profesionales.<\/p>\n\n\n\n<p><strong>La Escuela T\u00e9cnica &#8220;Fray Luis Beltr\u00e1n&#8221; se llev\u00f3 la competencia<\/strong><br>&nbsp;<\/p>\n\n\n\n<p>Los alumnos de la escuela t\u00e9cnica Fray Luis Beltr\u00e1n de nuestra Capital fueron los ganadores absolutos de la competencia tanto en la rama femenina como masculina en la que se dividi\u00f3 este a\u00f1o.<\/p>\n\n\n\n<p>Los j\u00f3venes estudiantes de la escuela Beltr\u00e1n se alzaron con la gloria y los premios que constan de 2,5 millones de pesos y un viaje a Buenos Aires para todo el equipo.<\/p>\n\n\n\n<p>En tanto que los dem\u00e1s establecimientos recibir\u00e1n, por el solo hecho de participar, un mill\u00f3n de pesos para cada una de las 21 escuelas restantes.<\/p>\n\n\n\n<p>El segundo premio const\u00f3 de 1,5 mill\u00f3n de pesos y una computadora para dicho equipo.<\/p>\n\n\n\n<p>Tambi\u00e9n los colegios que terminaron en tercer y cuarto puesto recibieron, adem\u00e1s del premio en efectivo, una computadora para esos equipos.<\/p>\n\n\n\n<p>Incentivos para que a\u00f1o a a\u00f1o los j\u00f3venes se esmeren m\u00e1s para estar en la competencia.<\/p>\n","protected":false},"excerpt":{"rendered":"<p>En una jornada primaveral, con un sol a pleno, en la Costanera Juan Pablo II tuvo lugar ayer la gran final de una nueva edici\u00f3n del TECNICAR 2023 &#8220;Desaf\u00edo Corrientes&#8221;,&hellip; <\/p>\n","protected":false},"author":1,"featured_media":88359,"comment_status":"closed","ping_status":"open","sticky":false,"template":"","format":"standard","meta":{"footnotes":""},"categories":[17],"tags":[],"class_list":["post-88358","post","type-post","status-publish","format-standard","has-post-thumbnail","hentry","category-sociales"],"_links":{"self":[{"href":"https:\/\/corrientesdetarde.com\/index.php\/wp-json\/wp\/v2\/posts\/88358","targetHints":{"allow":["GET"]}}],"collection":[{"href":"https:\/\/corrientesdetarde.com\/index.php\/wp-json\/wp\/v2\/posts"}],"about":[{"href":"https:\/\/corrientesdetarde.com\/index.php\/wp-json\/wp\/v2\/types\/post"}],"author":[{"embeddable":true,"href":"https:\/\/corrientesdetarde.com\/index.php\/wp-json\/wp\/v2\/users\/1"}],"replies":[{"embeddable":true,"href":"https:\/\/corrientesdetarde.com\/index.php\/wp-json\/wp\/v2\/comments?post=88358"}],"version-history":[{"count":2,"href":"https:\/\/corrientesdetarde.com\/index.php\/wp-json\/wp\/v2\/posts\/88358\/revisions"}],"predecessor-version":[{"id":88436,"href":"https:\/\/corrientesdetarde.com\/index.php\/wp-json\/wp\/v2\/posts\/88358\/revisions\/88436"}],"wp:featuredmedia":[{"embeddable":true,"href":"https:\/\/corrientesdetarde.com\/index.php\/wp-json\/wp\/v2\/media\/88359"}],"wp:attachment":[{"href":"https:\/\/corrientesdetarde.com\/index.php\/wp-json\/wp\/v2\/media?parent=88358"}],"wp:term":[{"taxonomy":"category","embeddable":true,"href":"https:\/\/corrientesdetarde.com\/index.php\/wp-json\/wp\/v2\/categories?post=88358"},{"taxonomy":"post_tag","embeddable":true,"href":"https:\/\/corrientesdetarde.com\/index.php\/wp-json\/wp\/v2\/tags?post=88358"}],"curies":[{"name":"wp","href":"https:\/\/api.w.org\/{rel}","templated":true}]}}