{"id":88398,"date":"2023-09-17T08:51:58","date_gmt":"2023-09-17T11:51:58","guid":{"rendered":"https:\/\/corrientesdetarde.com\/?p=88398"},"modified":"2023-09-17T08:52:03","modified_gmt":"2023-09-17T11:52:03","slug":"activan-visitas-de-candidatos-a-35-dias-de-las-votaciones","status":"publish","type":"post","link":"https:\/\/corrientesdetarde.com\/index.php\/destacados\/activan-visitas-de-candidatos-a-35-dias-de-las-votaciones\/","title":{"rendered":"Activan visitas de candidatos, a 35 d\u00edas de las votaciones"},"content":{"rendered":"\n<p>La campa\u00f1a electoral de cara a las elecciones presidenciales del pr\u00f3ximo 22 de octubre empieza a salir de los medios y las redes para intensificar sus acciones en territorio, en busca de una mayor proximidad con la gente, para tratar de convencer o consolidar la adhesi\u00f3n, dependiendo del caso y del escenario local.<\/p>\n\n\n\n<p>Los principales frentes ya calibraron motores, integraron equipos y hasta consolidaron propuestas que piensan llevar a cada rinc\u00f3n del pa\u00eds. Es tiempo de salir a buscar el cara a cara, de hacer el recorrido casa por casa, ya sea en los principales distritos como en los m\u00e1s peque\u00f1os pueblos, sean candidatos, dirigentes o militantes. Esa es la consigna para las principales alianzas que esperan consagrar Presidente en octubre o en el balotaje de noviembre.<\/p>\n\n\n\n<p>El triunfo en Santa Fe del flamante gobernador electo Maximiliano Pullaro inyect\u00f3 un combustible de alta potencia a Juntos por el Cambio que espera sumar un impulso similar con los comicios de hoy en Chaco. As\u00ed, el veh\u00edculo denominado &#8220;la Patoneta&#8221;, traer\u00e1 a su candidata a Presidente, Patricia Bullrich, a esta parte del pa\u00eds. Primero, estar\u00e1 en la capital chaque\u00f1a de Resistencia en donde esperar\u00e1 los resultados de las elecciones a Gobernador y este lunes a las 10 desembarcar\u00e1n en la peatonal resistenciana.<\/p>\n\n\n\n<p>Poco despu\u00e9s, cruzar\u00e1 el puente Manuel Belgrano y cerca del mediod\u00eda estacionar\u00e1 el motorhome en el club San Mart\u00edn de Corrientes, donde Bullrich y su anfitri\u00f3n Gustavo Vald\u00e9s encabezar\u00e1n un acto proselitista.<\/p>\n\n\n\n<p>Por su parte, La Libertad Avanza mantiene activo a Milei, sea en los medios, las redes y las bulliciosas recorridas en terreno. Tanto que una de las fotos de la semana fue la captada en la localidad bonaerense de Olavarr\u00eda, donde el libertario levant\u00f3 -furioso- una motosierra, la herramienta s\u00edmbolo para su idea de recortar el Estado.<\/p>\n\n\n\n<p>En el itinerario que tiene Milei siempre se menciona a Corrientes como uno de los lugares en que estar\u00e1 presente en el marco de su recorrida nacional. Consultados referentes locales de LLA, confirmaron que la posibilidad de visita de Milei est\u00e1 programada, aunque reci\u00e9n esta semana podr\u00edan tener precisiones sobre qu\u00e9 d\u00eda estar\u00eda el libertario en suelo correntino.<\/p>\n\n\n\n<p>En tanto, Uni\u00f3n por la Patria sigue reforzando su presencia territorial con m\u00faltiples y simult\u00e1neos operativos de organismos nacionales (en especial ANSES) en barrios capitalinos y localidades del interior provincial, con presencia de candidatos, dirigentes y referentes del peronismo y aliados.<\/p>\n\n\n\n<p>Adem\u00e1s, hay un fuerte trabajo de coordinaci\u00f3n con la militancia y se ajustan d\u00eda a d\u00eda las visitas casa por casa para llevar la propuesta de la f\u00f3rmula Sergio Massa-Agust\u00edn Rossi. Mientras, contin\u00faan las gestiones para que el candidato a presidente visite Corrientes. Tampoco se descarta la vuelta de Rossi, como ya sucedi\u00f3 antes de las PASO.<\/p>\n\n\n\n<p>El encuentro de hace una semana en Tucum\u00e1n parece que consolid\u00f3 la unidad interna y se sum\u00f3 un fuerte respaldo a las medidas econ\u00f3micas de Massa.<\/p>\n\n\n\n<p>As\u00ed va la campa\u00f1a, a 35 d\u00edas de las urnas.<\/p>\n\n\n\n<h2 class=\"wp-block-heading\">El veh\u00edculo particular para la campa\u00f1a con el que Patricia Bullrich llegar\u00e1 a Corrientes<\/h2>\n\n\n\n<p>Con la &#8220;Patoneta&#8221;, Patricia Bullrich llegar\u00e1 a Corrientes. Se trata de un motorhome que la llevar\u00e1 por un extenso itinerario a trav\u00e9s del pa\u00eds de cara a las elecciones presidenciales del pr\u00f3ximo 22 de octubre y la eventual segunda vuelta. &#8220;Vamos por Argentina&#8221;, es la invitaci\u00f3n.<\/p>\n\n\n\n<p>El veh\u00edculo comenz\u00f3 ayer su gira por el interior del pa\u00eds para dar a conocer su campa\u00f1a de &#8220;cercan\u00eda&#8221; en vista a los comicios 2023 y la ciudad de Corrientes ser\u00e1 una de las primeras paradas, el lunes que viene, cerca del mediod\u00eda.<\/p>\n\n\n\n<p>Desde El Palomar hasta Bol\u00edvar, Patricia Bullrich inici\u00f3 este viernes por la ma\u00f1ana su gira. &#8220;La gente que est\u00e1 sufriendo necesita un cambio&#8221;, sostuvo junto a su compa\u00f1ero de f\u00f3rmula Luis Petri y dem\u00e1s integrantes de JXC.<\/p>\n\n\n\n<p>En tanto que ayer ten\u00eda previsto recorrer el Paseo de la Mujer en la ciudad de Bah\u00eda Blanca, mientras que este lunes estar\u00e1 a las 10 en la peatonal de Resistencia y a las 11 en el club San Mart\u00edn de Corrientes para el acto con Vald\u00e9s.<\/p>\n\n\n\n<p>&#8220;Esta es la oportunidad para que hablemos de los valores que defendemos y c\u00f3mo estamos dispuestos a luchar para que el orden llegue a cada rinc\u00f3n del pa\u00eds&#8221;, escribi\u00f3 Patricia Bullrich en sus redes sociales.<\/p>\n","protected":false},"excerpt":{"rendered":"<p>La campa\u00f1a electoral de cara a las elecciones presidenciales del pr\u00f3ximo 22 de octubre empieza a salir de los medios y las redes para intensificar sus acciones en territorio, en&hellip; <\/p>\n","protected":false},"author":1,"featured_media":88409,"comment_status":"closed","ping_status":"open","sticky":false,"template":"","format":"standard","meta":{"footnotes":""},"categories":[26],"tags":[],"class_list":["post-88398","post","type-post","status-publish","format-standard","has-post-thumbnail","hentry","category-destacados"],"_links":{"self":[{"href":"https:\/\/corrientesdetarde.com\/index.php\/wp-json\/wp\/v2\/posts\/88398","targetHints":{"allow":["GET"]}}],"collection":[{"href":"https:\/\/corrientesdetarde.com\/index.php\/wp-json\/wp\/v2\/posts"}],"about":[{"href":"https:\/\/corrientesdetarde.com\/index.php\/wp-json\/wp\/v2\/types\/post"}],"author":[{"embeddable":true,"href":"https:\/\/corrientesdetarde.com\/index.php\/wp-json\/wp\/v2\/users\/1"}],"replies":[{"embeddable":true,"href":"https:\/\/corrientesdetarde.com\/index.php\/wp-json\/wp\/v2\/comments?post=88398"}],"version-history":[{"count":1,"href":"https:\/\/corrientesdetarde.com\/index.php\/wp-json\/wp\/v2\/posts\/88398\/revisions"}],"predecessor-version":[{"id":88410,"href":"https:\/\/corrientesdetarde.com\/index.php\/wp-json\/wp\/v2\/posts\/88398\/revisions\/88410"}],"wp:featuredmedia":[{"embeddable":true,"href":"https:\/\/corrientesdetarde.com\/index.php\/wp-json\/wp\/v2\/media\/88409"}],"wp:attachment":[{"href":"https:\/\/corrientesdetarde.com\/index.php\/wp-json\/wp\/v2\/media?parent=88398"}],"wp:term":[{"taxonomy":"category","embeddable":true,"href":"https:\/\/corrientesdetarde.com\/index.php\/wp-json\/wp\/v2\/categories?post=88398"},{"taxonomy":"post_tag","embeddable":true,"href":"https:\/\/corrientesdetarde.com\/index.php\/wp-json\/wp\/v2\/tags?post=88398"}],"curies":[{"name":"wp","href":"https:\/\/api.w.org\/{rel}","templated":true}]}}