{"id":88524,"date":"2023-09-17T21:47:00","date_gmt":"2023-09-18T00:47:00","guid":{"rendered":"https:\/\/corrientesdetarde.com\/?p=88524"},"modified":"2023-09-17T21:47:12","modified_gmt":"2023-09-18T00:47:12","slug":"elecciones-en-chaco-con-un-historico-triunfo-zdero-sera-el-nuevo-gobernador","status":"publish","type":"post","link":"https:\/\/corrientesdetarde.com\/index.php\/politica\/elecciones-en-chaco-con-un-historico-triunfo-zdero-sera-el-nuevo-gobernador\/","title":{"rendered":"Elecciones en Chaco: con un hist\u00f3rico triunfo Zdero ser\u00e1 el nuevo gobernador."},"content":{"rendered":"\n<h2 class=\"wp-block-heading\">El candidato radical se impuso c\u00f3modamente en los comicios de la vecina provincia. Otro golpazo para el kirchnerismo que le resta fuerza para octubre.<\/h2>\n\n\n\n<p>Leandro Zdero le gan\u00f3 a Jorge Capitanich las elecciones y ser\u00e1 el pr\u00f3ximo gobernador del Chaco. Fue durante las elecciones de este domingo en la vecina provincia.<\/p>\n\n\n\n<p>As\u00ed la Uni\u00f3n C\u00edvica Radical recupera un distrito en el que no ganaba desde 2007. Jorge Capitanich fracas\u00f3 en su intento de lograr su cuarto mandato.<\/p>\n\n\n\n<p>Alrededor del 68% de los empadronados particip\u00f3 hoy en las elecciones para gobernador, vice, legisladores e intendentes en Chaco, de acuerdo con lo informado por el vocero oficial de Casa de Gobierno, Juan Manuel Chapo, lo cual supera la asistencia del 63% reportada en las PASO provinciales de junio.<\/p>\n\n\n\n<p><\/p>\n","protected":false},"excerpt":{"rendered":"<p>El candidato radical se impuso c\u00f3modamente en los comicios de la vecina provincia. Otro golpazo para el kirchnerismo que le resta fuerza para octubre. Leandro Zdero le gan\u00f3 a Jorge&hellip; <\/p>\n","protected":false},"author":6,"featured_media":88535,"comment_status":"closed","ping_status":"open","sticky":false,"template":"","format":"standard","meta":{"footnotes":""},"categories":[3,28],"tags":[],"class_list":["post-88524","post","type-post","status-publish","format-standard","has-post-thumbnail","hentry","category-politica","category-tendencias"],"_links":{"self":[{"href":"https:\/\/corrientesdetarde.com\/index.php\/wp-json\/wp\/v2\/posts\/88524","targetHints":{"allow":["GET"]}}],"collection":[{"href":"https:\/\/corrientesdetarde.com\/index.php\/wp-json\/wp\/v2\/posts"}],"about":[{"href":"https:\/\/corrientesdetarde.com\/index.php\/wp-json\/wp\/v2\/types\/post"}],"author":[{"embeddable":true,"href":"https:\/\/corrientesdetarde.com\/index.php\/wp-json\/wp\/v2\/users\/6"}],"replies":[{"embeddable":true,"href":"https:\/\/corrientesdetarde.com\/index.php\/wp-json\/wp\/v2\/comments?post=88524"}],"version-history":[{"count":1,"href":"https:\/\/corrientesdetarde.com\/index.php\/wp-json\/wp\/v2\/posts\/88524\/revisions"}],"predecessor-version":[{"id":88536,"href":"https:\/\/corrientesdetarde.com\/index.php\/wp-json\/wp\/v2\/posts\/88524\/revisions\/88536"}],"wp:featuredmedia":[{"embeddable":true,"href":"https:\/\/corrientesdetarde.com\/index.php\/wp-json\/wp\/v2\/media\/88535"}],"wp:attachment":[{"href":"https:\/\/corrientesdetarde.com\/index.php\/wp-json\/wp\/v2\/media?parent=88524"}],"wp:term":[{"taxonomy":"category","embeddable":true,"href":"https:\/\/corrientesdetarde.com\/index.php\/wp-json\/wp\/v2\/categories?post=88524"},{"taxonomy":"post_tag","embeddable":true,"href":"https:\/\/corrientesdetarde.com\/index.php\/wp-json\/wp\/v2\/tags?post=88524"}],"curies":[{"name":"wp","href":"https:\/\/api.w.org\/{rel}","templated":true}]}}