{"id":88576,"date":"2023-09-18T09:14:04","date_gmt":"2023-09-18T12:14:04","guid":{"rendered":"https:\/\/corrientesdetarde.com\/?p=88576"},"modified":"2023-09-18T09:14:15","modified_gmt":"2023-09-18T12:14:15","slug":"fiesta-del-milagro-miles-de-fieles-participaran-esta-tarde-en-la-procesion-de-cierre","status":"publish","type":"post","link":"https:\/\/corrientesdetarde.com\/index.php\/sociales\/fiesta-del-milagro-miles-de-fieles-participaran-esta-tarde-en-la-procesion-de-cierre\/","title":{"rendered":"Fiesta del Milagro: miles de fieles participar\u00e1n esta tarde en la procesi\u00f3n de cierre"},"content":{"rendered":"\n<p>Durante la \u00faltima semana,&nbsp;<strong>Salta capital<\/strong>&nbsp;ha experimentado una nueva edici\u00f3n de la&nbsp;<strong>Fiesta del Milagro<\/strong>, en la cual miles de fieles se reunieron frente al templo mayor de la ciudad.&nbsp;<\/p>\n\n\n\n<p>Esta iniciativa religiosa, que inici\u00f3 en&nbsp;<strong>1692<\/strong>, convoca a peregrinos de todo el pa\u00eds, que en ocasiones caminan&nbsp;<strong>cientos de kil\u00f3metros<\/strong>&nbsp;para venerar al&nbsp;<strong>Se\u00f1or y a la Virgen del Milagro.<\/strong><\/p>\n\n\n\n<p>Finalmente, esta tarde, a partir de las&nbsp;<strong>15 horas<\/strong>, se realizar\u00e1 la procesi\u00f3n de cierre, rumbo al&nbsp;<strong>Parque 20 de Febrero,<\/strong>&nbsp;donde realizar\u00e1n la renovaci\u00f3n del&nbsp;<strong>Pacto de Fidelidad.<\/strong><\/p>\n\n\n\n<h2 class=\"wp-block-heading\">\u00bfC\u00f3mo se organiz\u00f3 la Fiesta del Milagro 2023?&nbsp;<\/h2>\n\n\n\n<figure class=\"wp-block-image\"><img decoding=\"async\" src=\"https:\/\/billiken.lat\/wp-content\/uploads\/2023\/09\/Procesio%CC%81n_del_Milagro_en_la_provincia_de_Salta_-_Argentina.jpg\" alt=\"Multitud en la Fiesta del Milagro de Salta. \" class=\"wp-image-63787\"\/><\/figure>\n\n\n\n<p>A partir del \u00faltimo domingo, 10 de septiembre, y hasta esta ma\u00f1ana, miles de peregrinos llegaron a la ciudad de&nbsp;<strong>Salta<\/strong>&nbsp;con la intenci\u00f3n de participar y presenciar una de las fiestas cat\u00f3licas m\u00e1s importantes de&nbsp;<strong>Argentina.&nbsp;<\/strong><\/p>\n\n\n\n<p>El punto de reuni\u00f3n era la&nbsp;<strong>Catedral<\/strong>, donde ayer se realiz\u00f3 la \u00faltima jornada del rezo de la&nbsp;<strong>Novena<\/strong>&nbsp;y un concierto nocturno de&nbsp;<strong>campanas<\/strong>, durante el comienzo de la vigilia y oraci\u00f3n.&nbsp;<\/p>\n\n\n\n<p>Por \u00faltimo, la agenda de actividades de este viernes inici\u00f3 a las&nbsp;<strong>10 de la ma\u00f1ana<\/strong>, con la jornada final del&nbsp;<strong>Triduo de Pontificale<\/strong>, que cont\u00f3 con la realizaci\u00f3n de una misa estacional.&nbsp;<\/p>\n\n\n\n<p>En conclusi\u00f3n, la&nbsp;<strong>Fiesta del Milagro 2023&nbsp;<\/strong>fue un \u00e9xito hasta el momento y continuar\u00e1 de la misma manera, con un cierre hist\u00f3rico que tendr\u00e1 lugar a partir de las 15 horas de este viernes.&nbsp;<\/p>\n\n\n\n<h2 class=\"wp-block-heading\">\u00bfQu\u00e9 cierre tendr\u00e1 este evento multitudinario?&nbsp;<\/h2>\n\n\n\n<figure class=\"wp-block-image\"><img decoding=\"async\" src=\"https:\/\/billiken.lat\/wp-content\/uploads\/2023\/09\/1-3.jpg\" alt=\"Fiesta del Milagro frente a la Catedral de Salta. \" class=\"wp-image-63788\"\/><\/figure>\n\n\n\n<p>Tras la misa matutina, esta tarde iniciar\u00e1 la procesi\u00f3n final de la Fiesta del Milagro, donde miles de fieles se trasladar\u00e1n a pie hasta el<strong>&nbsp;Parque 20 de Febrer<\/strong>o, acompa\u00f1ados por las im\u00e1genes del Se\u00f1or y la Virgen.&nbsp;<\/p>\n\n\n\n<p>All\u00ed, ante la presencia del&nbsp;<strong>arzobispo de Salta,<\/strong>&nbsp;tendr\u00e1n la posibilidad de renovar el&nbsp;<strong>Pacto de Fidelidad<\/strong>, tal cual sucede en cada edici\u00f3n de este evento hist\u00f3rico.&nbsp;<\/p>\n\n\n\n<p>Por \u00faltimo, la multitud regresar\u00e1 a la&nbsp;<strong>Catedral de Salta<\/strong>&nbsp;para despedir, con campanadas, al Se\u00f1or y a la Virgen, previo a la&nbsp;<strong>Misa del Peregrino<\/strong>, programada para las 20 horas.&nbsp;<\/p>\n\n\n\n<p>El cierre ser\u00e1 muy emotivo porque se espera el<strong>&nbsp;lanzamiento de p\u00e9talos<\/strong>, mientras que los peregrinos alzan sus pa\u00f1uelos blancos sobre las calles de la capital.<\/p>\n","protected":false},"excerpt":{"rendered":"<p>Durante la \u00faltima semana,&nbsp;Salta capital&nbsp;ha experimentado una nueva edici\u00f3n de la&nbsp;Fiesta del Milagro, en la cual miles de fieles se reunieron frente al templo mayor de la ciudad.&nbsp; Esta iniciativa&hellip; <\/p>\n","protected":false},"author":1,"featured_media":88583,"comment_status":"closed","ping_status":"open","sticky":false,"template":"","format":"standard","meta":{"footnotes":""},"categories":[17],"tags":[],"class_list":["post-88576","post","type-post","status-publish","format-standard","has-post-thumbnail","hentry","category-sociales"],"_links":{"self":[{"href":"https:\/\/corrientesdetarde.com\/index.php\/wp-json\/wp\/v2\/posts\/88576","targetHints":{"allow":["GET"]}}],"collection":[{"href":"https:\/\/corrientesdetarde.com\/index.php\/wp-json\/wp\/v2\/posts"}],"about":[{"href":"https:\/\/corrientesdetarde.com\/index.php\/wp-json\/wp\/v2\/types\/post"}],"author":[{"embeddable":true,"href":"https:\/\/corrientesdetarde.com\/index.php\/wp-json\/wp\/v2\/users\/1"}],"replies":[{"embeddable":true,"href":"https:\/\/corrientesdetarde.com\/index.php\/wp-json\/wp\/v2\/comments?post=88576"}],"version-history":[{"count":1,"href":"https:\/\/corrientesdetarde.com\/index.php\/wp-json\/wp\/v2\/posts\/88576\/revisions"}],"predecessor-version":[{"id":88584,"href":"https:\/\/corrientesdetarde.com\/index.php\/wp-json\/wp\/v2\/posts\/88576\/revisions\/88584"}],"wp:featuredmedia":[{"embeddable":true,"href":"https:\/\/corrientesdetarde.com\/index.php\/wp-json\/wp\/v2\/media\/88583"}],"wp:attachment":[{"href":"https:\/\/corrientesdetarde.com\/index.php\/wp-json\/wp\/v2\/media?parent=88576"}],"wp:term":[{"taxonomy":"category","embeddable":true,"href":"https:\/\/corrientesdetarde.com\/index.php\/wp-json\/wp\/v2\/categories?post=88576"},{"taxonomy":"post_tag","embeddable":true,"href":"https:\/\/corrientesdetarde.com\/index.php\/wp-json\/wp\/v2\/tags?post=88576"}],"curies":[{"name":"wp","href":"https:\/\/api.w.org\/{rel}","templated":true}]}}