{"id":88582,"date":"2023-09-18T09:22:45","date_gmt":"2023-09-18T12:22:45","guid":{"rendered":"https:\/\/corrientesdetarde.com\/?p=88582"},"modified":"2023-09-18T09:22:56","modified_gmt":"2023-09-18T12:22:56","slug":"lourdes-sanchez-debuta-en-el-bailando-2023-con-el-carnaval-de-corrientes","status":"publish","type":"post","link":"https:\/\/corrientesdetarde.com\/index.php\/espectaculos\/lourdes-sanchez-debuta-en-el-bailando-2023-con-el-carnaval-de-corrientes\/","title":{"rendered":"Lourdes S\u00e1nchez debuta en el Bailando 2023 con el carnaval de Corrientes"},"content":{"rendered":"\n<p>Con el acompa\u00f1amiento del Gobierno de Corrientes, a trav\u00e9s del Ministerio de Turismo, una delegaci\u00f3n de figuras destacadas del carnaval correntino viajaron especialmente para mostrar y promocionar la fiesta del carnaval en uno de los programas de mayor audiencia de la televisi\u00f3n argentina.&nbsp;<\/p>\n\n\n\n<p>Entre los integrantes de la delegaci\u00f3n se encuentran Lourdes Montenegro y Gera Luchini, Embajadores Nacionales del Carnaval; Lucia Liotta, Reina de la Capital Nacional del Carnaval, quienes representar\u00e1n la tradici\u00f3n de esta festividad tan querida en Corrientes.\u00a0<\/p>\n\n\n\n<p>Tambi\u00e9n forman parte de la delegaci\u00f3n Ulises Zaracho, primer Representante del Carnaval Barrial y las destacadas solistas: Sol Vogt, Georgina Vallejos, Eliana Duarte, Mayra Casco y Miranda Diez Pirota.&nbsp;<\/p>\n\n\n\n<p>La presencia de estas figuras del carnaval correntino en el Bailando 2023 es una oportunidad (mica para mostrar al pa\u00eds entero Ia magia y la alegr\u00eda de la fiesta correntina. Sera una ocasi6n para promocionar el carnaval correntino y resaltar la importancia cultural y tur\u00edstica que tiene para la regi\u00f3n.<\/p>\n\n\n<div class=\"wp-block-image\">\n<figure class=\"aligncenter size-full\"><img loading=\"lazy\" decoding=\"async\" width=\"648\" height=\"775\" src=\"https:\/\/corrientesdetarde.com\/wp-content\/uploads\/2023\/09\/image-420.png\" alt=\"\" class=\"wp-image-88588\" srcset=\"https:\/\/corrientesdetarde.com\/wp-content\/uploads\/2023\/09\/image-420.png 648w, https:\/\/corrientesdetarde.com\/wp-content\/uploads\/2023\/09\/image-420-251x300.png 251w\" sizes=\"auto, (max-width: 648px) 100vw, 648px\" \/><\/figure>\n<\/div>\n\n<div class=\"wp-block-image\">\n<figure class=\"aligncenter size-full\"><img loading=\"lazy\" decoding=\"async\" width=\"767\" height=\"550\" src=\"https:\/\/corrientesdetarde.com\/wp-content\/uploads\/2023\/09\/image-421.png\" alt=\"\" class=\"wp-image-88589\" srcset=\"https:\/\/corrientesdetarde.com\/wp-content\/uploads\/2023\/09\/image-421.png 767w, https:\/\/corrientesdetarde.com\/wp-content\/uploads\/2023\/09\/image-421-300x215.png 300w\" sizes=\"auto, (max-width: 767px) 100vw, 767px\" \/><\/figure>\n<\/div>","protected":false},"excerpt":{"rendered":"<p>Con el acompa\u00f1amiento del Gobierno de Corrientes, a trav\u00e9s del Ministerio de Turismo, una delegaci\u00f3n de figuras destacadas del carnaval correntino viajaron especialmente para mostrar y promocionar la fiesta del&hellip; <\/p>\n","protected":false},"author":1,"featured_media":88590,"comment_status":"closed","ping_status":"open","sticky":false,"template":"","format":"standard","meta":{"footnotes":""},"categories":[19],"tags":[],"class_list":["post-88582","post","type-post","status-publish","format-standard","has-post-thumbnail","hentry","category-espectaculos"],"_links":{"self":[{"href":"https:\/\/corrientesdetarde.com\/index.php\/wp-json\/wp\/v2\/posts\/88582","targetHints":{"allow":["GET"]}}],"collection":[{"href":"https:\/\/corrientesdetarde.com\/index.php\/wp-json\/wp\/v2\/posts"}],"about":[{"href":"https:\/\/corrientesdetarde.com\/index.php\/wp-json\/wp\/v2\/types\/post"}],"author":[{"embeddable":true,"href":"https:\/\/corrientesdetarde.com\/index.php\/wp-json\/wp\/v2\/users\/1"}],"replies":[{"embeddable":true,"href":"https:\/\/corrientesdetarde.com\/index.php\/wp-json\/wp\/v2\/comments?post=88582"}],"version-history":[{"count":1,"href":"https:\/\/corrientesdetarde.com\/index.php\/wp-json\/wp\/v2\/posts\/88582\/revisions"}],"predecessor-version":[{"id":88591,"href":"https:\/\/corrientesdetarde.com\/index.php\/wp-json\/wp\/v2\/posts\/88582\/revisions\/88591"}],"wp:featuredmedia":[{"embeddable":true,"href":"https:\/\/corrientesdetarde.com\/index.php\/wp-json\/wp\/v2\/media\/88590"}],"wp:attachment":[{"href":"https:\/\/corrientesdetarde.com\/index.php\/wp-json\/wp\/v2\/media?parent=88582"}],"wp:term":[{"taxonomy":"category","embeddable":true,"href":"https:\/\/corrientesdetarde.com\/index.php\/wp-json\/wp\/v2\/categories?post=88582"},{"taxonomy":"post_tag","embeddable":true,"href":"https:\/\/corrientesdetarde.com\/index.php\/wp-json\/wp\/v2\/tags?post=88582"}],"curies":[{"name":"wp","href":"https:\/\/api.w.org\/{rel}","templated":true}]}}