{"id":88756,"date":"2023-09-18T22:51:43","date_gmt":"2023-09-19T01:51:43","guid":{"rendered":"https:\/\/corrientesdetarde.com\/?p=88756"},"modified":"2023-09-18T22:51:55","modified_gmt":"2023-09-19T01:51:55","slug":"las-ferias-de-emprendedores-estuvieron-colmadas-de-publico","status":"publish","type":"post","link":"https:\/\/corrientesdetarde.com\/index.php\/sociales\/las-ferias-de-emprendedores-estuvieron-colmadas-de-publico\/","title":{"rendered":"Las Ferias de Emprendedores estuvieron colmadas de P\u00fablico"},"content":{"rendered":"\n<p>Este fin de semana miles de correntinos y turistas pasaron por las Ferias, atra\u00eddos por las ofertas artesanales, la variedad de productos alimenticios envasados, panificados y comidas al paso, que se realizaron en\u00a0 el Paseo Iber\u00e1 y en El Eucaliptal.<br>La direcci\u00f3n de comercializaci\u00f3n, cuya titular es D\u00e9bora Galarza Alcaraz, tiene a su cargo la coordinaci\u00f3n de las Ferias, acompa\u00f1ada de \u00a0un gran equipo de artesanos y emprendedores.<br>La Feria Expo-emprendedora se realiz\u00f3 en el Paseo Iber\u00e1, ubicado debajo del Puente Gral. Manuel Belgrano, con la participaci\u00f3n de m\u00e1s de 180 emprendedores el d\u00eda s\u00e1bado que se destacaron por sus m\u00e1s variadas exposiciones. Se pudieron observar productos realizados en tejido, textil, madera, talabarter\u00eda, cuero, vivero, bijouterie entre otros rubros. El sector gastron\u00f3mico viene acompa\u00f1ado de un patio de comidas, desde donde se puede disfrutar c\u00f3modamente de los espect\u00e1culos art\u00edsticos de variados g\u00e9neros.<\/p>\n\n\n\n<figure class=\"wp-block-image size-full\"><img loading=\"lazy\" decoding=\"async\" width=\"526\" height=\"899\" src=\"https:\/\/corrientesdetarde.com\/wp-content\/uploads\/2023\/09\/Captura-de-pantalla-2023-09-18-224919.png\" alt=\"\" class=\"wp-image-88759\" srcset=\"https:\/\/corrientesdetarde.com\/wp-content\/uploads\/2023\/09\/Captura-de-pantalla-2023-09-18-224919.png 526w, https:\/\/corrientesdetarde.com\/wp-content\/uploads\/2023\/09\/Captura-de-pantalla-2023-09-18-224919-176x300.png 176w\" sizes=\"auto, (max-width: 526px) 100vw, 526px\" \/><\/figure>\n\n\n\n<p><br>Actuaron\u00a0el d\u00eda s\u00e1bado: Alejando Ver\u00f3n y Romina Titanio.<br>Y el domingo en el \u00a0Paseo Iber\u00e1 con m\u00e1s de 350 emprendedores, estuvieron en el \u00a0escenario: Lauty El Gringo del Chamam\u00e9, Los Tropicalisimos y cerraron Los Pistoleros.<br>Asimismo la Multiferia estuvo \u00a0en el Parque el Eucaliptal del Barrio San Ger\u00f3nimo el \u00a0domingo 17 de septiembre\u00a0de 15 a 21\u00a0con artesanos y emprendedores gastron\u00f3micos y de reventa y emprendedores del Plan Potenciar Trabajo.<br>En di\u00e1logo con la mam\u00e1 de una parejita de artistas Benjamin y Carla Delgado de 7 y 10 a\u00f1os coment\u00f3:\u00a0\u201chace una semana que ingresaron en la Academia de danzas, est\u00e1n muy contentos les gusta el zapateo\u00a0y hoy ya est\u00e1n ac\u00e1 actuando, lo llevan en la sangre porque su pap\u00e1 tambi\u00e9n es un gran zapateador&#8221;.<\/p>\n","protected":false},"excerpt":{"rendered":"<p>Este fin de semana miles de correntinos y turistas pasaron por las Ferias, atra\u00eddos por las ofertas artesanales, la variedad de productos alimenticios envasados, panificados y comidas al paso, que&hellip; <\/p>\n","protected":false},"author":4,"featured_media":88758,"comment_status":"closed","ping_status":"open","sticky":false,"template":"","format":"standard","meta":{"footnotes":""},"categories":[17],"tags":[],"class_list":["post-88756","post","type-post","status-publish","format-standard","has-post-thumbnail","hentry","category-sociales"],"_links":{"self":[{"href":"https:\/\/corrientesdetarde.com\/index.php\/wp-json\/wp\/v2\/posts\/88756","targetHints":{"allow":["GET"]}}],"collection":[{"href":"https:\/\/corrientesdetarde.com\/index.php\/wp-json\/wp\/v2\/posts"}],"about":[{"href":"https:\/\/corrientesdetarde.com\/index.php\/wp-json\/wp\/v2\/types\/post"}],"author":[{"embeddable":true,"href":"https:\/\/corrientesdetarde.com\/index.php\/wp-json\/wp\/v2\/users\/4"}],"replies":[{"embeddable":true,"href":"https:\/\/corrientesdetarde.com\/index.php\/wp-json\/wp\/v2\/comments?post=88756"}],"version-history":[{"count":1,"href":"https:\/\/corrientesdetarde.com\/index.php\/wp-json\/wp\/v2\/posts\/88756\/revisions"}],"predecessor-version":[{"id":88760,"href":"https:\/\/corrientesdetarde.com\/index.php\/wp-json\/wp\/v2\/posts\/88756\/revisions\/88760"}],"wp:featuredmedia":[{"embeddable":true,"href":"https:\/\/corrientesdetarde.com\/index.php\/wp-json\/wp\/v2\/media\/88758"}],"wp:attachment":[{"href":"https:\/\/corrientesdetarde.com\/index.php\/wp-json\/wp\/v2\/media?parent=88756"}],"wp:term":[{"taxonomy":"category","embeddable":true,"href":"https:\/\/corrientesdetarde.com\/index.php\/wp-json\/wp\/v2\/categories?post=88756"},{"taxonomy":"post_tag","embeddable":true,"href":"https:\/\/corrientesdetarde.com\/index.php\/wp-json\/wp\/v2\/tags?post=88756"}],"curies":[{"name":"wp","href":"https:\/\/api.w.org\/{rel}","templated":true}]}}