{"id":88774,"date":"2023-09-18T23:40:52","date_gmt":"2023-09-19T02:40:52","guid":{"rendered":"https:\/\/corrientesdetarde.com\/?p=88774"},"modified":"2023-09-18T23:41:03","modified_gmt":"2023-09-19T02:41:03","slug":"patricia-bullrich-no-negociamos-la-educacion-publica","status":"publish","type":"post","link":"https:\/\/corrientesdetarde.com\/index.php\/politica\/patricia-bullrich-no-negociamos-la-educacion-publica\/","title":{"rendered":"Patricia Bullrich: &#8220;No negociamos la educaci\u00f3n p\u00fablica&#8221;"},"content":{"rendered":"\n<p>La candidata a presidente de la Naci\u00f3n, Patricia Bullrich encabez\u00f3 este lunes un multitudinario acto en Corrientes, junto al gobernador de la provincia, Gustavo Vald\u00e9s, donde dej\u00f3 en claro su compromiso con la educaci\u00f3n: &#8220;Es p\u00fablica, es para todos y es gratuita, en la primaria, la secundaria y la universidad, esos principios no los negociamos&#8221;. La postulante de Juntos por el Cambio plante\u00f3 terminar as\u00ed con el kirchnerismo, &#8220;dando la \u00faltima batalla&#8221; contra una &#8220;una ideolog\u00eda que quiso convencer el mundo del rev\u00e9s&#8221;. En este sentido, propuso una &#8220;Argentina ordenada&#8221; mediante un plan de tres ejes principales: un pacto educativo federal, fuerte lucha contra el narcotr\u00e1fico y respaldo a las fuerzas de seguridad y un plan de estabilizaci\u00f3n econ\u00f3mica que tenga la participaci\u00f3n de todas las provincias y permita el despegue industrial y productivo del pa\u00eds.<\/p>\n\n\n\n<p>Este lunes al mediod\u00eda el club San Mart\u00edn de la ciudad de Corrientes estuvo colmado por una multitud que acudi\u00f3 a manifestar su apoyo a la candidata a Presidente de la Naci\u00f3n. Bullrich estuvo all\u00ed junto a Vald\u00e9s y al flamante gobernador electo de Chaco, Leandro Zdero. Los tres ya hab\u00edan compartido escenario la noche anterior en la capital chaque\u00f1a donde celebraron el triunfo de Juntos por el Cambio, un distrito m\u00e1s que se suma a los que ya gobierna esta alianza opositora al actual Gobierno nacional.<\/p>\n\n\n\n<figure class=\"wp-block-image size-large\"><img loading=\"lazy\" decoding=\"async\" width=\"1024\" height=\"681\" src=\"https:\/\/corrientesdetarde.com\/wp-content\/uploads\/2023\/09\/WhatsApp-Image-2023-09-18-at-15.30.26-1024x681.jpeg\" alt=\"\" class=\"wp-image-88776\" srcset=\"https:\/\/corrientesdetarde.com\/wp-content\/uploads\/2023\/09\/WhatsApp-Image-2023-09-18-at-15.30.26-1024x681.jpeg 1024w, https:\/\/corrientesdetarde.com\/wp-content\/uploads\/2023\/09\/WhatsApp-Image-2023-09-18-at-15.30.26-300x200.jpeg 300w, https:\/\/corrientesdetarde.com\/wp-content\/uploads\/2023\/09\/WhatsApp-Image-2023-09-18-at-15.30.26-768x511.jpeg 768w, https:\/\/corrientesdetarde.com\/wp-content\/uploads\/2023\/09\/WhatsApp-Image-2023-09-18-at-15.30.26-1536x1021.jpeg 1536w, https:\/\/corrientesdetarde.com\/wp-content\/uploads\/2023\/09\/WhatsApp-Image-2023-09-18-at-15.30.26.jpeg 1600w\" sizes=\"auto, (max-width: 1024px) 100vw, 1024px\" \/><\/figure>\n\n\n\n<p><strong>Educaci\u00f3n<\/strong><\/p>\n\n\n\n<p>&#8220;Quiero que cada maestro y cada maestra, cobre dignamente&#8221;, expres\u00f3 Bullrich ante la multitud de correntinos, sosteniendo as\u00ed que &#8220;el 70 por ciento de quienes ense\u00f1an en nuestro pa\u00eds son mujeres y las mujeres no creyeron en espejitos de colores, no creyeron en que se puede tener una educaci\u00f3n con &#8220;vouchers&#8221;, las mujeres no creyeron en eso, y por&nbsp; eso no votaron ah\u00ed, porque las mujeres saben que la Argentina naci\u00f3 de la mano de Sarmiento, y que cada escuela, por m\u00e1s mal que est\u00e9 hoy, sigue siendo el refugio donde van nuestros chicos&#8221;.&nbsp;<\/p>\n\n\n\n<p>En este sentido, anunci\u00f3: &#8220;Quiero hacer un pacto en la Argentina con cada uno de los gobernadores que comience el 1 de marzo y que dure 14 a\u00f1os, desde que el chico empieza en la sala de jard\u00edn de infantes hasta que termina la secundaria, en esos a\u00f1os tenemos que alfabetizar de verdad a nuestros chicos, que est\u00e9n a la altura de cualquier otro chico del mundo, que sepan programar , que tengan trayectos laborales, que sepan hacer lo que se necesita para el mundo que viene,&nbsp; docentes preparados y con la pasi\u00f3n de ense\u00f1ar, y escuelas donde cada uno de los directores y directoras puedan tomar decisiones claras para que los chicos aprendan&#8221;.<\/p>\n\n\n\n<p>En este marco, Bullrich consider\u00f3 que &#8220;la educaci\u00f3n\u00a0 es como un tren, la locomotora tiene que marchar con la velocidad que necesitan todos los estudiantes y no perder ning\u00fan vag\u00f3n en el camino, sin dejar ning\u00fan chico en el camino, tenemos que ayudar a que esto sea un pacto de todos&#8221;. Y adelant\u00f3 que &#8220;una de las primeras leyes que presentar\u00e9 en el Congreso es la declaraci\u00f3n de la esencialidad de la educaci\u00f3n, porque no se puede educar a medias, la educaci\u00f3n es todos los d\u00edas, es p\u00fablica, es para todos y es gratuita. Esos principios no los negociamos. As\u00ed ser\u00e1 en la primaria, en la secundaria, con trayectos t\u00e9cnicos, y en la universidad&#8221;.\u00a0<\/p>\n\n\n\n<figure class=\"wp-block-image size-large\"><img loading=\"lazy\" decoding=\"async\" width=\"1024\" height=\"684\" src=\"https:\/\/corrientesdetarde.com\/wp-content\/uploads\/2023\/09\/WhatsApp-Image-2023-09-18-at-15.30.24-1-1024x684.jpeg\" alt=\"\" class=\"wp-image-88775\" srcset=\"https:\/\/corrientesdetarde.com\/wp-content\/uploads\/2023\/09\/WhatsApp-Image-2023-09-18-at-15.30.24-1-1024x684.jpeg 1024w, https:\/\/corrientesdetarde.com\/wp-content\/uploads\/2023\/09\/WhatsApp-Image-2023-09-18-at-15.30.24-1-300x200.jpeg 300w, https:\/\/corrientesdetarde.com\/wp-content\/uploads\/2023\/09\/WhatsApp-Image-2023-09-18-at-15.30.24-1-768x513.jpeg 768w, https:\/\/corrientesdetarde.com\/wp-content\/uploads\/2023\/09\/WhatsApp-Image-2023-09-18-at-15.30.24-1-1536x1025.jpeg 1536w, https:\/\/corrientesdetarde.com\/wp-content\/uploads\/2023\/09\/WhatsApp-Image-2023-09-18-at-15.30.24-1.jpeg 1600w\" sizes=\"auto, (max-width: 1024px) 100vw, 1024px\" \/><\/figure>\n\n\n\n<p>E insisti\u00f3: &#8220;No negociamos la universidad p\u00fablica, porque de ah\u00ed salieron nuestros premios n\u00f3veles, de ah\u00ed sali\u00f3 la mejor Argentina y de ah\u00ed van a seguir saliendo los profesionales que hoy con dolor se nos van a otros pa\u00edses&#8221;.&nbsp;<\/p>\n\n\n\n<p><strong>Seguridad<\/strong><\/p>\n\n\n\n<p>&#8220;Necesitamos levantar a todos aquellos que brindan servicios a los argentinos&#8221;, se\u00f1al\u00f3 luego para referirse a la seguridad, entendiendo que &#8220;nuestras fuerzas de seguridad deben estar bien pagas, cuidando a los ciudadanos&#8221;. Y denunci\u00f3 que &#8220;hoy tenemos 8 mil narcotraficantes sueltos por el pa\u00eds, porque los dejaron salir, no est\u00e1n en las c\u00e1rceles que es donde tienen que estar y vuelven a destruir la vida de familias&#8221;.<\/p>\n\n\n\n<p>&#8220;No vamos a permitir que el narcotr\u00e1fico domine ni un s\u00f3lo mil\u00edmetro de territorio, vamos a ser duros con aquellos que matan a una familia o toman un territorio, vamos a tener una patria de verdad&#8221;, sostuvo, aclarando que &#8220;nosotros votamos una ley para que no haya celulares en las c\u00e1rceles y ahora igual los tienen para seguir matando a los chicos y destruyendo familias. Nosotros decimos que el que las hace, las paga&#8221;.<\/p>\n\n\n\n<p><strong>Econom\u00eda<\/strong><\/p>\n\n\n\n<p>Por otra parte, plante\u00f3: &#8220;Tenemos que ordenar la econom\u00eda, elegimos un equipo que tiene&nbsp; con qu\u00e9, m\u00e1s de cien economistas que se est\u00e1n integrando con economistas de todo el pa\u00eds para que las econom\u00edas de cada provincia est\u00e9 ah\u00ed representada&#8221;.&nbsp;<\/p>\n\n\n\n<p>Indic\u00f3 que &#8220;van a trabajar mirando lo m\u00e1s importante: la persona, los ciudadanos, y as\u00ed vamos a bajar la inflaci\u00f3n encarando un plan de estabilidad para que a partir de ah\u00ed podamos lograr un pa\u00eds que arranque prendiendo todos los motores de la producci\u00f3n, pero todos, porque nosotros no tenemos prioridades en un sector&#8221;. En este sentido,&#8221; aclar\u00f3: &#8220;Nosotros queremos que avance el campo, pero no s\u00f3lo la soja, sino tambi\u00e9n la yerba mate, la madera, los ar\u00e1ndanos y absolutamente todas las econom\u00edas&#8221;.<\/p>\n\n\n\n<p>&#8220;Tambi\u00e9n queremos avanzar en las industrias, no queremos que la madera se vaya en barcos, queremos que haya agroindustria de verdad, porque es as\u00ed como la plata queda en cada provincia, por eso nuestro econom\u00eda va a tener en cuenta a cada uno de los emprendedores, a cada uno de los trabajadores y cada una de las familias&#8221;, agreg\u00f3.<\/p>\n\n\n\n<p><strong>Corrientes<\/strong><\/p>\n\n\n\n<p>Por otro lado, ratific\u00f3 su compromiso con el gobernador anfitri\u00f3n: &#8220;Quiero decirle a Gustavo Vald\u00e9s que tengo muy en claro la deuda que la Naci\u00f3n tiene con Corrientes y merece un Gobierno nacional que le de la oportunidad de demostrar lo que es&#8221; .Fue en respuesta a lo que previamente dijo el mandatario provincial en el acto, respecto de las regal\u00edas que reclama por la generaci\u00f3n de energ\u00eda en territorio correntino con las represas hidroel\u00e9ctricas Yacyret\u00e1 y Salto Grande.<\/p>\n\n\n\n<p><strong>Batalla final&nbsp;<\/strong><\/p>\n\n\n\n<p>&#8220;Al pa\u00eds entero le digo que estamos frente a la \u00faltima batalla, combatimos durante 20 a\u00f1os a una ideolog\u00eda que nos quiso aplastar, que quiso convencer que eran mejor los planes que el trabajo, que la educaci\u00f3n no era tan importante y se pod\u00eda pasar de grado sin saber, que prefiri\u00f3 ayudar a los delincuentes en lugar de respaldar a las fuerzas de seguridad, nos quisieron convencer del mundo del rev\u00e9s, pero nosotros somos patriotas, entendemos nuestra&nbsp; patria, lo que pasa en nuestro pa\u00eds y esta \u00faltima batalla contra el kirchnerismo&#8221;, sostuvo Bullrich hacia el final de su discurso, recordando que &#8220;se jug\u00f3 ayer en el Chaco y el domingo que viene en Mendoza como este a\u00f1o fue en San Luis, San Juan, Chubut, Santa Fe, y el 22 de octubre en Entre R\u00edos, la ciudad de Buenos Aires y en la provincia de Buenos Aires que es la guarida del kirchnerismo, donde tambi\u00e9n tenemos que ganar esa \u00faltima batalla para la Argentina ordenada que necesitamos, es ahora y para siempre&#8221;.<\/p>\n","protected":false},"excerpt":{"rendered":"<p>La candidata a presidente de la Naci\u00f3n, Patricia Bullrich encabez\u00f3 este lunes un multitudinario acto en Corrientes, junto al gobernador de la provincia, Gustavo Vald\u00e9s, donde dej\u00f3 en claro su&hellip; <\/p>\n","protected":false},"author":4,"featured_media":88777,"comment_status":"closed","ping_status":"open","sticky":false,"template":"","format":"standard","meta":{"footnotes":""},"categories":[3],"tags":[],"class_list":["post-88774","post","type-post","status-publish","format-standard","has-post-thumbnail","hentry","category-politica"],"_links":{"self":[{"href":"https:\/\/corrientesdetarde.com\/index.php\/wp-json\/wp\/v2\/posts\/88774","targetHints":{"allow":["GET"]}}],"collection":[{"href":"https:\/\/corrientesdetarde.com\/index.php\/wp-json\/wp\/v2\/posts"}],"about":[{"href":"https:\/\/corrientesdetarde.com\/index.php\/wp-json\/wp\/v2\/types\/post"}],"author":[{"embeddable":true,"href":"https:\/\/corrientesdetarde.com\/index.php\/wp-json\/wp\/v2\/users\/4"}],"replies":[{"embeddable":true,"href":"https:\/\/corrientesdetarde.com\/index.php\/wp-json\/wp\/v2\/comments?post=88774"}],"version-history":[{"count":1,"href":"https:\/\/corrientesdetarde.com\/index.php\/wp-json\/wp\/v2\/posts\/88774\/revisions"}],"predecessor-version":[{"id":88778,"href":"https:\/\/corrientesdetarde.com\/index.php\/wp-json\/wp\/v2\/posts\/88774\/revisions\/88778"}],"wp:featuredmedia":[{"embeddable":true,"href":"https:\/\/corrientesdetarde.com\/index.php\/wp-json\/wp\/v2\/media\/88777"}],"wp:attachment":[{"href":"https:\/\/corrientesdetarde.com\/index.php\/wp-json\/wp\/v2\/media?parent=88774"}],"wp:term":[{"taxonomy":"category","embeddable":true,"href":"https:\/\/corrientesdetarde.com\/index.php\/wp-json\/wp\/v2\/categories?post=88774"},{"taxonomy":"post_tag","embeddable":true,"href":"https:\/\/corrientesdetarde.com\/index.php\/wp-json\/wp\/v2\/tags?post=88774"}],"curies":[{"name":"wp","href":"https:\/\/api.w.org\/{rel}","templated":true}]}}