{"id":88801,"date":"2023-09-19T08:31:05","date_gmt":"2023-09-19T11:31:05","guid":{"rendered":"https:\/\/corrientesdetarde.com\/?p=88801"},"modified":"2023-09-19T08:31:16","modified_gmt":"2023-09-19T11:31:16","slug":"diputados-los-detalles-del-debate-de-comision-por-las-modificaciones-al-impuesto-a-las-ganancias","status":"publish","type":"post","link":"https:\/\/corrientesdetarde.com\/index.php\/politica\/diputados-los-detalles-del-debate-de-comision-por-las-modificaciones-al-impuesto-a-las-ganancias\/","title":{"rendered":"Diputados: los detalles del debate de Comisi\u00f3n por las modificaciones al impuesto a las Ganancias"},"content":{"rendered":"\n<p>En una reuni\u00f3n informativa, la comisi\u00f3n de Presupuesto y Hacienda, presidida por el diputado del Frente de Todos&nbsp;<strong>Carlos Heller<\/strong>, comenz\u00f3 a analizar&nbsp;<strong>el proyecto de ley por el cual se deja sin efecto el impuesto a las ganancias que recae sobre los ingresos del trabajo personal ejecutado en relaci\u00f3n de dependencia, jubilaciones y pensiones<\/strong>. Y, por el otro, incorpora en la ley del mencionado gravamen, un r\u00e9gimen cedular dirigido exclusivamente a los mayores ingresos derivados de aquellas rentas.<\/p>\n\n\n\n<p>En primer lugar, la subsecretaria de Ingresos P\u00fablicos,&nbsp;<strong>Claudia Balestrini<\/strong>, defendi\u00f3 el proyecto, y en ese sentido explic\u00f3: \u201cLo que vinimos a hacer ahora es algo superador, y tiene que ver con atender a las rentas generadas en relaci\u00f3n de dependencia (cuarta categor\u00eda)\u201d.<\/p>\n\n\n\n<p>Adem\u00e1s, la funcionaria brind\u00f3 detalles de la norma: \u201cLas rentas originadas por empleadas y empleados en relaci\u00f3n de dependencia van a empezar a tributar bajo un esquema cedular. Consiste en establecer un m\u00ednimo no imponible de 180 salarios m\u00ednimos, vitales y m\u00f3viles. De superar ese importe, el trabajador va a tributar por el excedente\u201d, puntualiz\u00f3.<\/p>\n\n\n\n<p>En la misma l\u00ednea que su preopinante, la ministra de Trabajo,&nbsp;<strong>Kelly Olmos<\/strong>, asegur\u00f3 que el salario no es ganancia, e indic\u00f3: \u201cEl proyecto establece la eliminaci\u00f3n de la cuarta categor\u00eda del impuesto a las ganancias y su reemplazo por un impuesto a los altos ingresos\u201d.<\/p>\n\n\n\n<p>La responsable de la cartera de Trabajo continu\u00f3: \u201cEste proyecto est\u00e1 destinado a una mejor organizaci\u00f3n del trabajo argentino para mejorar las condiciones de productividad y redistribuci\u00f3n que nuestro pa\u00eds necesita\u201d.<\/p>\n\n\n\n<p>Por otra parte, el titular de la Administrador Federal de Ingresos P\u00fablicos (AFIP),&nbsp;<strong>Carlos Castagneto<\/strong>, explic\u00f3 de qu\u00e9 trata el proyecto y a\u00f1adi\u00f3: \u201cEsta iniciativa otorga justicia social y tributaria para los trabajadores\u201d.<\/p>\n\n\n\n<p>Luego,&nbsp;<strong>Hugo Godoy<\/strong>, secretario general de la CTA aut\u00f3noma, manifest\u00f3 su apoyo a la iniciativa, al considerar que es un paso trascendental, por lo cual pidi\u00f3 un tratamiento urgente.<\/p>\n\n\n\n<p>En tanto, la secretaria general de CTERA,&nbsp;<strong>Sonia Alesso<\/strong>, aval\u00f3 el proyecto y sostuvo que, en representaci\u00f3n del gremio docente, ratifican la creencia de que el salario no es ganancia. \u201cHoy el 13 por ciento de los docentes pagan impuesto a las ganancias y les puedo asegurar que no son sueldos altos\u201d, subray\u00f3.<\/p>\n\n\n\n<p>Finalmente, el secretario general de la CGT,&nbsp;<strong>H\u00e9ctor Daer<\/strong>, expres\u00f3: \u201cSiempre consideramos que los ingresos altos tienen que tributar. Esta norma es un paso hacia una reforma y una maduraci\u00f3n de un sistema tributario m\u00e1s equitativo\u201d, concluy\u00f3.<\/p>\n","protected":false},"excerpt":{"rendered":"<p>En una reuni\u00f3n informativa, la comisi\u00f3n de Presupuesto y Hacienda, presidida por el diputado del Frente de Todos&nbsp;Carlos Heller, comenz\u00f3 a analizar&nbsp;el proyecto de ley por el cual se deja&hellip; <\/p>\n","protected":false},"author":12,"featured_media":88809,"comment_status":"closed","ping_status":"open","sticky":false,"template":"","format":"standard","meta":{"footnotes":""},"categories":[3],"tags":[],"class_list":["post-88801","post","type-post","status-publish","format-standard","has-post-thumbnail","hentry","category-politica"],"_links":{"self":[{"href":"https:\/\/corrientesdetarde.com\/index.php\/wp-json\/wp\/v2\/posts\/88801","targetHints":{"allow":["GET"]}}],"collection":[{"href":"https:\/\/corrientesdetarde.com\/index.php\/wp-json\/wp\/v2\/posts"}],"about":[{"href":"https:\/\/corrientesdetarde.com\/index.php\/wp-json\/wp\/v2\/types\/post"}],"author":[{"embeddable":true,"href":"https:\/\/corrientesdetarde.com\/index.php\/wp-json\/wp\/v2\/users\/12"}],"replies":[{"embeddable":true,"href":"https:\/\/corrientesdetarde.com\/index.php\/wp-json\/wp\/v2\/comments?post=88801"}],"version-history":[{"count":1,"href":"https:\/\/corrientesdetarde.com\/index.php\/wp-json\/wp\/v2\/posts\/88801\/revisions"}],"predecessor-version":[{"id":88810,"href":"https:\/\/corrientesdetarde.com\/index.php\/wp-json\/wp\/v2\/posts\/88801\/revisions\/88810"}],"wp:featuredmedia":[{"embeddable":true,"href":"https:\/\/corrientesdetarde.com\/index.php\/wp-json\/wp\/v2\/media\/88809"}],"wp:attachment":[{"href":"https:\/\/corrientesdetarde.com\/index.php\/wp-json\/wp\/v2\/media?parent=88801"}],"wp:term":[{"taxonomy":"category","embeddable":true,"href":"https:\/\/corrientesdetarde.com\/index.php\/wp-json\/wp\/v2\/categories?post=88801"},{"taxonomy":"post_tag","embeddable":true,"href":"https:\/\/corrientesdetarde.com\/index.php\/wp-json\/wp\/v2\/tags?post=88801"}],"curies":[{"name":"wp","href":"https:\/\/api.w.org\/{rel}","templated":true}]}}