{"id":88990,"date":"2023-09-19T18:04:50","date_gmt":"2023-09-19T21:04:50","guid":{"rendered":"https:\/\/corrientesdetarde.com\/?p=88990"},"modified":"2023-09-19T18:04:54","modified_gmt":"2023-09-19T21:04:54","slug":"fernandez-sigue-en-eeuu-mientras-massa-llamo-a-los-votantes-a-no-equivocarse-a-la-hora-de-votar","status":"publish","type":"post","link":"https:\/\/corrientesdetarde.com\/index.php\/politica\/fernandez-sigue-en-eeuu-mientras-massa-llamo-a-los-votantes-a-no-equivocarse-a-la-hora-de-votar\/","title":{"rendered":"Fern\u00e1ndez sigue en EEUU mientras Massa llam\u00f3 a los votantes a no equivocarse a la hora de votar"},"content":{"rendered":"\n<p>(Juan Pablo Peralta, Casa de Gobierno) &#8211; Con el presidente Alberto Fernandez en la Asamblea General de las Naciones Unidas en Nueva York, donde al igual que en Cuba, adem\u00e1s de la actividad oficial lleva con su numerosa comitiva varias agendas paralelas de tinte social, el ministro de Econom\u00eda y candidato presidencial de Uni\u00f3n por la Patria, Sergio Massa, se mostr\u00f3 como el garante de la educaci\u00f3n y salud p\u00fablica.<\/p>\n\n\n\n<figure class=\"wp-block-embed is-type-video is-provider-youtube wp-block-embed-youtube wp-embed-aspect-16-9 wp-has-aspect-ratio\"><div class=\"wp-block-embed__wrapper\">\n<iframe loading=\"lazy\" title=\"Casa rosada\" width=\"1110\" height=\"624\" src=\"https:\/\/www.youtube.com\/embed\/gnsOAw5i214?feature=oembed\" frameborder=\"0\" allow=\"accelerometer; autoplay; clipboard-write; encrypted-media; gyroscope; picture-in-picture; web-share\" allowfullscreen><\/iframe>\n<\/div><\/figure>\n\n\n\n<p>As\u00ed como de las jubilaciones del sistema de reparto contra las AFJP. En el contexto de un acto en Ituzaing\u00f3, el tigrense le habl\u00f3 a los j\u00f3venes que est\u00e1n frustrados y los convoc\u00f3 a no equivocarse a la hora de votar.<\/p>\n","protected":false},"excerpt":{"rendered":"<p>(Juan Pablo Peralta, Casa de Gobierno) &#8211; Con el presidente Alberto Fernandez en la Asamblea General de las Naciones Unidas en Nueva York, donde al igual que en Cuba, adem\u00e1s&hellip; <\/p>\n","protected":false},"author":11,"featured_media":89022,"comment_status":"closed","ping_status":"open","sticky":false,"template":"","format":"standard","meta":{"footnotes":""},"categories":[3],"tags":[98,99],"class_list":["post-88990","post","type-post","status-publish","format-standard","has-post-thumbnail","hentry","category-politica","tag-fernandez","tag-massa"],"_links":{"self":[{"href":"https:\/\/corrientesdetarde.com\/index.php\/wp-json\/wp\/v2\/posts\/88990","targetHints":{"allow":["GET"]}}],"collection":[{"href":"https:\/\/corrientesdetarde.com\/index.php\/wp-json\/wp\/v2\/posts"}],"about":[{"href":"https:\/\/corrientesdetarde.com\/index.php\/wp-json\/wp\/v2\/types\/post"}],"author":[{"embeddable":true,"href":"https:\/\/corrientesdetarde.com\/index.php\/wp-json\/wp\/v2\/users\/11"}],"replies":[{"embeddable":true,"href":"https:\/\/corrientesdetarde.com\/index.php\/wp-json\/wp\/v2\/comments?post=88990"}],"version-history":[{"count":1,"href":"https:\/\/corrientesdetarde.com\/index.php\/wp-json\/wp\/v2\/posts\/88990\/revisions"}],"predecessor-version":[{"id":89023,"href":"https:\/\/corrientesdetarde.com\/index.php\/wp-json\/wp\/v2\/posts\/88990\/revisions\/89023"}],"wp:featuredmedia":[{"embeddable":true,"href":"https:\/\/corrientesdetarde.com\/index.php\/wp-json\/wp\/v2\/media\/89022"}],"wp:attachment":[{"href":"https:\/\/corrientesdetarde.com\/index.php\/wp-json\/wp\/v2\/media?parent=88990"}],"wp:term":[{"taxonomy":"category","embeddable":true,"href":"https:\/\/corrientesdetarde.com\/index.php\/wp-json\/wp\/v2\/categories?post=88990"},{"taxonomy":"post_tag","embeddable":true,"href":"https:\/\/corrientesdetarde.com\/index.php\/wp-json\/wp\/v2\/tags?post=88990"}],"curies":[{"name":"wp","href":"https:\/\/api.w.org\/{rel}","templated":true}]}}