{"id":89028,"date":"2023-09-19T20:19:43","date_gmt":"2023-09-19T23:19:43","guid":{"rendered":"https:\/\/corrientesdetarde.com\/?p=89028"},"modified":"2023-09-19T23:54:37","modified_gmt":"2023-09-20T02:54:37","slug":"la-municipalidad-y-el-senasa-brindaron-un-taller-para-viveristas-de-las-ferias","status":"publish","type":"post","link":"https:\/\/corrientesdetarde.com\/index.php\/informacion-general\/la-municipalidad-y-el-senasa-brindaron-un-taller-para-viveristas-de-las-ferias\/","title":{"rendered":"La Municipalidad y el Senasa brindaron un taller para viveristas de las ferias"},"content":{"rendered":"\n<p><em>Se realiz\u00f3 este martes una charla en la Oficina de Empleo destinada a los viveristas que comercializan sus productos en las Ferias de la Ciudad. En la jornada se habl\u00f3 de la importancia de los registros sanitarios, y los requisitos y las inscripciones b\u00e1sicas al Renspa y al Renfo.<\/em><\/p>\n\n\n\n<figure class=\"wp-block-embed is-type-video is-provider-youtube wp-block-embed-youtube wp-embed-aspect-16-9 wp-has-aspect-ratio\"><div class=\"wp-block-embed__wrapper\">\n<iframe loading=\"lazy\" title=\"La Municipalidad y el Senasa brindaron un taller para viveristas de las ferias\" width=\"1110\" height=\"624\" src=\"https:\/\/www.youtube.com\/embed\/RqlXR-62jcE?feature=oembed\" frameborder=\"0\" allow=\"accelerometer; autoplay; clipboard-write; encrypted-media; gyroscope; picture-in-picture; web-share\" allowfullscreen><\/iframe>\n<\/div><\/figure>\n\n\n\n<p>La Municipalidad de Corrientes y el Servicio Nacional de Sanidad y Calidad Agroalimentaria (Senasa) brindaron este martes un taller en las instalaciones de la Oficina de Empleo destinado a los viveristas en general y para los que comercializan sus productos en la Feria de la Ciudad.<br><br>Se trata de una acci\u00f3n que es desarrollada por la Secretar\u00eda de Desarrollo Econ\u00f3mico municipal, con el objetivo de brindar conocimiento sobre los diversos registros vigentes para que los viveristas puedan formalizar su actividad de manera segura.<br><br>El director general de Fortalecimiento Productivo, Guillermo Grimaldi, explic\u00f3 que \u201cla charla se realiz\u00f3 para que los viveristas conozcan en profundidad cu\u00e1les son los requisitos de inscripci\u00f3n del rubro que est\u00e1n ejerciendo\u201d.<br><br>En ese sentido, el funcionario resalt\u00f3 el trabajo de los agentes del Senasa, quienes \u201cson los que m\u00e1s conocimiento tienen del tema en cuanto a cu\u00e1les son los requisitos, las inscripciones b\u00e1sicas, como ser del Registro Nacional Sanitario de Productores Agropecuarios (Renspa), y del Registro Nacional Fitosanitario de Operadores de Material de Propagaci\u00f3n, Micropropagaci\u00f3n y\/o Multiplicaci\u00f3n Vegetal (Renfo), que son partes formales de la actividad\u201d.<\/p>\n\n\n\n<figure class=\"wp-block-image size-large\"><img loading=\"lazy\" decoding=\"async\" width=\"1024\" height=\"679\" src=\"https:\/\/corrientesdetarde.com\/wp-content\/uploads\/2023\/09\/Captura-de-pantalla-2023-09-19-201720-1024x679.png\" alt=\"\" class=\"wp-image-89033\" srcset=\"https:\/\/corrientesdetarde.com\/wp-content\/uploads\/2023\/09\/Captura-de-pantalla-2023-09-19-201720-1024x679.png 1024w, https:\/\/corrientesdetarde.com\/wp-content\/uploads\/2023\/09\/Captura-de-pantalla-2023-09-19-201720-300x199.png 300w, https:\/\/corrientesdetarde.com\/wp-content\/uploads\/2023\/09\/Captura-de-pantalla-2023-09-19-201720-768x509.png 768w, https:\/\/corrientesdetarde.com\/wp-content\/uploads\/2023\/09\/Captura-de-pantalla-2023-09-19-201720.png 1274w\" sizes=\"auto, (max-width: 1024px) 100vw, 1024px\" \/><\/figure>\n\n\n\n<p><br><br>A su vez, Grimaldi indic\u00f3 que estas capacitaciones \u201cson muy importantes ya que visualiza la actividad dentro de la ciudad, a su vez ellos pueden generar la comercializaci\u00f3n formalizada, que es uno de los criterios que estamos tomando en la Feria de la Ciudad, que es formalizar todos los rubros que est\u00e1n comercializando\u201d.<br><br>Entre tanto, precis\u00f3 que de la Feria de la Ciudad \u201cest\u00e1n participando alrededor de 23 viveristas, muchos de ellos ya formalizados y con una estructura bastante bien armada, con monotributo e inscripciones correspondientes, pero seguimos trabajando en ese sentido\u201d.<br><br>Por su parte, el ingeniero agr\u00f3nomo del Senasa, Mariano Veller, se\u00f1al\u00f3: \u201cNuestro objetivo es proteger el estatus sanitario, todo lo que tenga relaci\u00f3n con los fitosanitarios. Entonces, ante un riesgo de una aparici\u00f3n de una plaga o de que ingrese y que se disperse, al estar dentro de este registro, cumplen con requisitos, con obligaciones, contar con un responsable t\u00e9cnico que los asesore y los acompa\u00f1e para evitar esa introducci\u00f3n y dispersi\u00f3n de plagas\u201d.<br><br>Asimismo, el ingeniero indic\u00f3 que es importante ser parte de estos registros para la comercializaci\u00f3n. \u201cEspec\u00edficamente, en el pa\u00eds se est\u00e1 controlando una enfermedad como es la de los c\u00edtricos, que es el HLV\u201d.\u00a0<br><br>Por tal motivo, \u201cpara producir y comercializar material de propagaci\u00f3n de c\u00edtricos, deben cumplir con una resoluci\u00f3n de Senasa, que es la 930, obligatoriamente operar con material certificado y tambi\u00e9n producir y mantener dentro de una cobertura con pl\u00e1stico y malla anti\u00e1fidos\u201d, agreg\u00f3.<\/p>\n","protected":false},"excerpt":{"rendered":"<p>Se realiz\u00f3 este martes una charla en la Oficina de Empleo destinada a los viveristas que comercializan sus productos en las Ferias de la Ciudad. En la jornada se habl\u00f3&hellip; <\/p>\n","protected":false},"author":4,"featured_media":89034,"comment_status":"closed","ping_status":"open","sticky":false,"template":"","format":"standard","meta":{"footnotes":""},"categories":[1],"tags":[],"class_list":["post-89028","post","type-post","status-publish","format-standard","has-post-thumbnail","hentry","category-informacion-general"],"_links":{"self":[{"href":"https:\/\/corrientesdetarde.com\/index.php\/wp-json\/wp\/v2\/posts\/89028","targetHints":{"allow":["GET"]}}],"collection":[{"href":"https:\/\/corrientesdetarde.com\/index.php\/wp-json\/wp\/v2\/posts"}],"about":[{"href":"https:\/\/corrientesdetarde.com\/index.php\/wp-json\/wp\/v2\/types\/post"}],"author":[{"embeddable":true,"href":"https:\/\/corrientesdetarde.com\/index.php\/wp-json\/wp\/v2\/users\/4"}],"replies":[{"embeddable":true,"href":"https:\/\/corrientesdetarde.com\/index.php\/wp-json\/wp\/v2\/comments?post=89028"}],"version-history":[{"count":1,"href":"https:\/\/corrientesdetarde.com\/index.php\/wp-json\/wp\/v2\/posts\/89028\/revisions"}],"predecessor-version":[{"id":89035,"href":"https:\/\/corrientesdetarde.com\/index.php\/wp-json\/wp\/v2\/posts\/89028\/revisions\/89035"}],"wp:featuredmedia":[{"embeddable":true,"href":"https:\/\/corrientesdetarde.com\/index.php\/wp-json\/wp\/v2\/media\/89034"}],"wp:attachment":[{"href":"https:\/\/corrientesdetarde.com\/index.php\/wp-json\/wp\/v2\/media?parent=89028"}],"wp:term":[{"taxonomy":"category","embeddable":true,"href":"https:\/\/corrientesdetarde.com\/index.php\/wp-json\/wp\/v2\/categories?post=89028"},{"taxonomy":"post_tag","embeddable":true,"href":"https:\/\/corrientesdetarde.com\/index.php\/wp-json\/wp\/v2\/tags?post=89028"}],"curies":[{"name":"wp","href":"https:\/\/api.w.org\/{rel}","templated":true}]}}