{"id":89029,"date":"2023-09-19T20:16:04","date_gmt":"2023-09-19T23:16:04","guid":{"rendered":"https:\/\/corrientesdetarde.com\/?p=89029"},"modified":"2023-09-19T23:54:34","modified_gmt":"2023-09-20T02:54:34","slug":"inicio-la-cosecha-de-trigo-y-esperan-buenos-rendimientos","status":"publish","type":"post","link":"https:\/\/corrientesdetarde.com\/index.php\/informacion-general\/inicio-la-cosecha-de-trigo-y-esperan-buenos-rendimientos\/","title":{"rendered":"Inici\u00f3 la cosecha de trigo y esperan buenos rendimientos"},"content":{"rendered":"\n<p>Esta semana,&nbsp; se inici\u00f3 la cosecha de trigo en el establecimiento El Roc\u00edo, de COPRA la localidad de Mercedes, la empresa correntina que principalmente se dedica al cultivo y producci\u00f3n de arroz y ganader\u00eda, pero que hace varias campa\u00f1as viene en un proceso de diversificaci\u00f3n productiva y de aprovechamientos de suelos por rotaci\u00f3n de cultivos que les permiten aprovechar al m\u00e1ximo la calidad de los mismos con muy buenos rendimientos.<\/p>\n\n\n\n<p>Es as\u00ed que acaban de iniciar la trilla de Trigo Pan calidad Grado 1 por tercer a\u00f1o consecutivo, sembrado en la segunda quincena de mayo. De acuerdo a los primeros datos, esta campa\u00f1a lograr\u00e1 un rendimiento por hect\u00e1rea superior a los 3500 kg, sobre un total de 1000 hect\u00e1reas que la empresa destin\u00f3&nbsp;este a\u00f1o a producir este producto.<\/p>\n\n\n\n<p>En este contexto, el ministro de Producci\u00f3n Ing. Claudio Anselmo coment\u00f3 que &#8220;el gobierno de Corrientes sigue apostando al desarrollo e impulsando todas las actividades productivas para su crecimiento no s\u00f3lo en el mercado interno sino tambi\u00e9n en el mercado externo&#8221;.<\/p>\n\n\n\n<figure class=\"wp-block-image size-full\"><img loading=\"lazy\" decoding=\"async\" width=\"686\" height=\"893\" src=\"https:\/\/corrientesdetarde.com\/wp-content\/uploads\/2023\/09\/Captura-de-pantalla-2023-09-19-201438.png\" alt=\"\" class=\"wp-image-89031\" srcset=\"https:\/\/corrientesdetarde.com\/wp-content\/uploads\/2023\/09\/Captura-de-pantalla-2023-09-19-201438.png 686w, https:\/\/corrientesdetarde.com\/wp-content\/uploads\/2023\/09\/Captura-de-pantalla-2023-09-19-201438-230x300.png 230w\" sizes=\"auto, (max-width: 686px) 100vw, 686px\" \/><\/figure>\n\n\n\n<p>El funcionario provincial destac\u00f3 los resultados de que se est\u00e1n logrando fruto de un trabajo sostenido en los \u00faltimos a\u00f1os a partir de que se pudo lograr la exportaci\u00f3n a molinos de R\u00edo Grande Do Sul, tras una misi\u00f3n comercial a trav\u00e9s del Ministerio de la Producci\u00f3n de Corrientes, desde entonces y con el acompa\u00f1amiento de la provincia se viene acrecentando el \u00e1rea sembrada y mejorando los rindes.<\/p>\n\n\n\n<p>El Ingeniero Agr\u00f3nomo Cristian Jetter, Gerente de Copra resalt\u00f3 que a pesar de que a veces se tienen problemas para la obtenci\u00f3n de los Roes para exportaci\u00f3n, pero con expectativa a futuro de un gobierno nacional que fije reglas claras, con un d\u00f3lar estabilizado y con fluides en las exportaciones Corrientes tiene mucho futuro para el trigo. &#8220;Estamos a 100 km de la frontera con Brasil, conocemos ese mercado porque durante 30 a\u00f1os les vendimos arroz, s\u00f3lo necesitamos reglas claras del estado nacional, no tenemos nada que envidiar a la zona n\u00facleo en cuanto a estabilidad y rendimiento del cultivo de trigo&#8221;.<\/p>\n\n\n\n<p>Desde el Ministerio de la producci\u00f3n buscan ampliar el \u00e1rea sembrada y la vinculaci\u00f3n con nuevos clientes del otro lado de la frontera brasile\u00f1a por la cercan\u00eda y la optimizaci\u00f3n de los recursos log\u00edsticos de transporte con nuevos productores y a trav\u00e9s de diferentes herramientas de promoci\u00f3n.<\/p>\n","protected":false},"excerpt":{"rendered":"<p>Esta semana,&nbsp; se inici\u00f3 la cosecha de trigo en el establecimiento El Roc\u00edo, de COPRA la localidad de Mercedes, la empresa correntina que principalmente se dedica al cultivo y producci\u00f3n&hellip; <\/p>\n","protected":false},"author":4,"featured_media":89030,"comment_status":"closed","ping_status":"open","sticky":false,"template":"","format":"standard","meta":{"footnotes":""},"categories":[1],"tags":[],"class_list":["post-89029","post","type-post","status-publish","format-standard","has-post-thumbnail","hentry","category-informacion-general"],"_links":{"self":[{"href":"https:\/\/corrientesdetarde.com\/index.php\/wp-json\/wp\/v2\/posts\/89029","targetHints":{"allow":["GET"]}}],"collection":[{"href":"https:\/\/corrientesdetarde.com\/index.php\/wp-json\/wp\/v2\/posts"}],"about":[{"href":"https:\/\/corrientesdetarde.com\/index.php\/wp-json\/wp\/v2\/types\/post"}],"author":[{"embeddable":true,"href":"https:\/\/corrientesdetarde.com\/index.php\/wp-json\/wp\/v2\/users\/4"}],"replies":[{"embeddable":true,"href":"https:\/\/corrientesdetarde.com\/index.php\/wp-json\/wp\/v2\/comments?post=89029"}],"version-history":[{"count":2,"href":"https:\/\/corrientesdetarde.com\/index.php\/wp-json\/wp\/v2\/posts\/89029\/revisions"}],"predecessor-version":[{"id":89098,"href":"https:\/\/corrientesdetarde.com\/index.php\/wp-json\/wp\/v2\/posts\/89029\/revisions\/89098"}],"wp:featuredmedia":[{"embeddable":true,"href":"https:\/\/corrientesdetarde.com\/index.php\/wp-json\/wp\/v2\/media\/89030"}],"wp:attachment":[{"href":"https:\/\/corrientesdetarde.com\/index.php\/wp-json\/wp\/v2\/media?parent=89029"}],"wp:term":[{"taxonomy":"category","embeddable":true,"href":"https:\/\/corrientesdetarde.com\/index.php\/wp-json\/wp\/v2\/categories?post=89029"},{"taxonomy":"post_tag","embeddable":true,"href":"https:\/\/corrientesdetarde.com\/index.php\/wp-json\/wp\/v2\/tags?post=89029"}],"curies":[{"name":"wp","href":"https:\/\/api.w.org\/{rel}","templated":true}]}}