{"id":89162,"date":"2023-09-20T09:45:33","date_gmt":"2023-09-20T12:45:33","guid":{"rendered":"https:\/\/corrientesdetarde.com\/?p=89162"},"modified":"2023-09-20T09:54:36","modified_gmt":"2023-09-20T12:54:36","slug":"el-hotel-guarani-se-reconvertira-en-un-complejo-de-alquiler-temporario","status":"publish","type":"post","link":"https:\/\/corrientesdetarde.com\/index.php\/informacion-general\/el-hotel-guarani-se-reconvertira-en-un-complejo-de-alquiler-temporario\/","title":{"rendered":"El hotel Guaran\u00ed se reconvertir\u00e1 en un complejo de alquiler temporario\u00a0"},"content":{"rendered":"\n<p>Eduardo Tassano habl\u00f3 de la oferta inmobiliaria en la ciudad, que tendr\u00e1 a partir de ma\u00f1ana un nuevo Centro de Convenciones ubicado en el Ex Hip\u00f3dromo. &#8220;Contar\u00e1 con una capacidad para 2500 personas sentadas, esto genera trabajo y desarrollo&#8221;, manifest\u00f3.&nbsp;<\/p>\n\n\n\n<p>Sobre la oferta hotelera adelant\u00f3 que el Hotel Guaran\u00ed ubicado por calle Mendoza entre Jun\u00edn e Irigoyen, se reconvertir\u00e1 en un complejo de alquiler temporario.&nbsp;<\/p>\n\n\n\n<p>&#8220;Los hoteles est\u00e1n evolucionando en la zona de Costanera, de la cadena Marriot es uno y est\u00e1 muy avanzado, para mediados del a\u00f1o que viene estar\u00eda la parte hotelera&#8221;, adelant\u00f3.&nbsp;<\/p>\n\n\n\n<p>&#8220;Es muy exigente la cadena en los est\u00e1ndares de calidad del inmueble. Es muy loable que el Grupo siga invirtiendo en la ciudad&#8221;, agreg\u00f3. &nbsp;&#8220;Estamos esperando que cambien los vientos en la econom\u00eda y mejore la situaci\u00f3n en el pa\u00eds&#8221;, finaliz\u00f3.&nbsp;<\/p>\n","protected":false},"excerpt":{"rendered":"<p>Eduardo Tassano habl\u00f3 de la oferta inmobiliaria en la ciudad, que tendr\u00e1 a partir de ma\u00f1ana un nuevo Centro de Convenciones ubicado en el Ex Hip\u00f3dromo. &#8220;Contar\u00e1 con una capacidad&hellip; <\/p>\n","protected":false},"author":1,"featured_media":89169,"comment_status":"closed","ping_status":"open","sticky":false,"template":"","format":"standard","meta":{"footnotes":""},"categories":[26,1],"tags":[],"class_list":["post-89162","post","type-post","status-publish","format-standard","has-post-thumbnail","hentry","category-destacados","category-informacion-general"],"_links":{"self":[{"href":"https:\/\/corrientesdetarde.com\/index.php\/wp-json\/wp\/v2\/posts\/89162","targetHints":{"allow":["GET"]}}],"collection":[{"href":"https:\/\/corrientesdetarde.com\/index.php\/wp-json\/wp\/v2\/posts"}],"about":[{"href":"https:\/\/corrientesdetarde.com\/index.php\/wp-json\/wp\/v2\/types\/post"}],"author":[{"embeddable":true,"href":"https:\/\/corrientesdetarde.com\/index.php\/wp-json\/wp\/v2\/users\/1"}],"replies":[{"embeddable":true,"href":"https:\/\/corrientesdetarde.com\/index.php\/wp-json\/wp\/v2\/comments?post=89162"}],"version-history":[{"count":1,"href":"https:\/\/corrientesdetarde.com\/index.php\/wp-json\/wp\/v2\/posts\/89162\/revisions"}],"predecessor-version":[{"id":89170,"href":"https:\/\/corrientesdetarde.com\/index.php\/wp-json\/wp\/v2\/posts\/89162\/revisions\/89170"}],"wp:featuredmedia":[{"embeddable":true,"href":"https:\/\/corrientesdetarde.com\/index.php\/wp-json\/wp\/v2\/media\/89169"}],"wp:attachment":[{"href":"https:\/\/corrientesdetarde.com\/index.php\/wp-json\/wp\/v2\/media?parent=89162"}],"wp:term":[{"taxonomy":"category","embeddable":true,"href":"https:\/\/corrientesdetarde.com\/index.php\/wp-json\/wp\/v2\/categories?post=89162"},{"taxonomy":"post_tag","embeddable":true,"href":"https:\/\/corrientesdetarde.com\/index.php\/wp-json\/wp\/v2\/tags?post=89162"}],"curies":[{"name":"wp","href":"https:\/\/api.w.org\/{rel}","templated":true}]}}