{"id":89163,"date":"2023-09-20T09:29:26","date_gmt":"2023-09-20T12:29:26","guid":{"rendered":"https:\/\/corrientesdetarde.com\/?p=89163"},"modified":"2023-09-20T09:29:38","modified_gmt":"2023-09-20T12:29:38","slug":"vecinos-justicieros-propinaron-una-golpiza-a-un-ladron","status":"publish","type":"post","link":"https:\/\/corrientesdetarde.com\/index.php\/policiales\/vecinos-justicieros-propinaron-una-golpiza-a-un-ladron\/","title":{"rendered":"&#8220;Vecinos justicieros&#8221; propinaron una golpiza a un ladr\u00f3n"},"content":{"rendered":"\n<p>Vecinos atraparon y apalearon a un sujeto que habr\u00eda robado con la modalidad de arrebato. El hecho ocurri\u00f3 en el barrio Fray Jos\u00e9 de la Quintana.<\/p>\n\n\n\n<p>En im\u00e1genes se ve al sujeto ensangrentado. Seg\u00fan inform\u00f3 Todo Policiales, mientras le recriminaban y era golpeado pidi\u00f3 &#8220;perd\u00f3n&#8221;.<\/p>\n\n\n<div class=\"wp-block-image\">\n<figure class=\"aligncenter\"><img decoding=\"async\" src=\"https:\/\/www.diarioepoca.com\/content\/bucket\/3\/1320843w380h475c.jpg.webp\" alt=\"\"\/><\/figure>\n<\/div>\n\n<div class=\"wp-block-image\">\n<figure class=\"aligncenter\"><img decoding=\"async\" src=\"https:\/\/www.diarioepoca.com\/content\/bucket\/4\/1320844w380h475c.jpg.webp\" alt=\"\"\/><\/figure>\n<\/div>","protected":false},"excerpt":{"rendered":"<p>Vecinos atraparon y apalearon a un sujeto que habr\u00eda robado con la modalidad de arrebato. El hecho ocurri\u00f3 en el barrio Fray Jos\u00e9 de la Quintana. En im\u00e1genes se ve&hellip; <\/p>\n","protected":false},"author":1,"featured_media":89167,"comment_status":"closed","ping_status":"open","sticky":false,"template":"","format":"standard","meta":{"footnotes":""},"categories":[33],"tags":[],"class_list":["post-89163","post","type-post","status-publish","format-standard","has-post-thumbnail","hentry","category-policiales"],"_links":{"self":[{"href":"https:\/\/corrientesdetarde.com\/index.php\/wp-json\/wp\/v2\/posts\/89163","targetHints":{"allow":["GET"]}}],"collection":[{"href":"https:\/\/corrientesdetarde.com\/index.php\/wp-json\/wp\/v2\/posts"}],"about":[{"href":"https:\/\/corrientesdetarde.com\/index.php\/wp-json\/wp\/v2\/types\/post"}],"author":[{"embeddable":true,"href":"https:\/\/corrientesdetarde.com\/index.php\/wp-json\/wp\/v2\/users\/1"}],"replies":[{"embeddable":true,"href":"https:\/\/corrientesdetarde.com\/index.php\/wp-json\/wp\/v2\/comments?post=89163"}],"version-history":[{"count":1,"href":"https:\/\/corrientesdetarde.com\/index.php\/wp-json\/wp\/v2\/posts\/89163\/revisions"}],"predecessor-version":[{"id":89168,"href":"https:\/\/corrientesdetarde.com\/index.php\/wp-json\/wp\/v2\/posts\/89163\/revisions\/89168"}],"wp:featuredmedia":[{"embeddable":true,"href":"https:\/\/corrientesdetarde.com\/index.php\/wp-json\/wp\/v2\/media\/89167"}],"wp:attachment":[{"href":"https:\/\/corrientesdetarde.com\/index.php\/wp-json\/wp\/v2\/media?parent=89163"}],"wp:term":[{"taxonomy":"category","embeddable":true,"href":"https:\/\/corrientesdetarde.com\/index.php\/wp-json\/wp\/v2\/categories?post=89163"},{"taxonomy":"post_tag","embeddable":true,"href":"https:\/\/corrientesdetarde.com\/index.php\/wp-json\/wp\/v2\/tags?post=89163"}],"curies":[{"name":"wp","href":"https:\/\/api.w.org\/{rel}","templated":true}]}}