{"id":89185,"date":"2023-09-20T10:25:24","date_gmt":"2023-09-20T13:25:24","guid":{"rendered":"https:\/\/corrientesdetarde.com\/?p=89185"},"modified":"2023-09-20T10:25:36","modified_gmt":"2023-09-20T13:25:36","slug":"caso-nora-dalmasso-un-fiscal-pidio-nuevas-pruebas-de-adn-para-intentar-determinar-quien-la-mato","status":"publish","type":"post","link":"https:\/\/corrientesdetarde.com\/index.php\/crimen-y-justicia\/caso-nora-dalmasso-un-fiscal-pidio-nuevas-pruebas-de-adn-para-intentar-determinar-quien-la-mato\/","title":{"rendered":"Caso Nora Dalmasso: un fiscal pidi\u00f3 nuevas pruebas de ADN para intentar determinar qui\u00e9n la mat\u00f3"},"content":{"rendered":"\n<p>Un fiscal de&nbsp;<strong>R\u00edo Cuarto<\/strong>, C\u00f3rdoba, solicit\u00f3 realizar&nbsp;<strong>nuevas pruebas de ADN<\/strong>&nbsp;para intentar determinar qui\u00e9n fue el autor del crimen de&nbsp;<strong>Nora Dalmasso<\/strong>, ocurrido en noviembre de 2006 en una vivienda de Villa del Golf, hecho por el que en el juicio realizado el a\u00f1o pasado fue&nbsp;<strong>absuelto&nbsp;<\/strong>el esposo, Marcelo Macarr\u00f3n.<\/p>\n\n\n\n<p>La medida fue requerida por el fiscal de Instrucci\u00f3n de primer turno de R\u00edo Cuarto,<strong>&nbsp;Pablo J\u00e1vega<\/strong>. De acuerdo a la nueva l\u00ednea de investigaci\u00f3n, se intenta dilucidar con esta nueva evaluaci\u00f3n de compatibilidad gen\u00e9tica si<strong>&nbsp;personas que ten\u00edan alg\u00fan tipo de v\u00ednculo con la v\u00edctima<\/strong>&nbsp;tuvieron contacto con la escena del crimen.<\/p>\n\n\n\n<p>La Fiscal\u00eda califica a este proceso como un<strong>&nbsp;\u201cbarrido de la prueba gen\u00e9tica\u201d<\/strong>, de acuerdo a lo que consign\u00f3 el sitio local&nbsp;<em>Puntal<\/em>. J\u00e1vega indic\u00f3 que la idea es, en primera instancia, \u201cobtener un mapeo\u201d para, posteriormente, avanzar en el cotejo de las muestras con algunos perfiles que se terminar\u00edan de definir con el avance de la pesquisa.<\/p>\n\n\n\n<p>Las personas de inter\u00e9s para esta nueva investigaci\u00f3n fueron convocadas&nbsp;<strong>en calidad de colaboradores de la Justicia<\/strong>, pero aclar\u00f3 el fiscal que no hay una sospecha dirigida a nadie en particular. Este proceso est\u00e1 en marcha actualmente, y entre los citados para aportar nuevas muestras de material gen\u00e9tico, hay personas que han tenido el&nbsp;<strong>estatus de testigo y otras de imputadas&nbsp;<\/strong>en la primera causa por el crimen.<\/p>\n\n\n\n<p><img loading=\"lazy\" decoding=\"async\" alt=\"Macarr\u00f3n se abraza a su hijo tras ser absuelto\" height=\"1080\" width=\"1920\" src=\"https:\/\/www.infobae.com\/new-resizer\/NXtvCG_pGk5OrkGeSxNTkLGjEHU=\/arc-anglerfish-arc2-prod-infobae\/public\/YYATD6YISVEZPO6V5DX4NW7RTM.jpg\" srcset=\"https:\/\/www.infobae.com\/new-resizer\/Hhgpn14upC01Le_ikntZdnrnzpo=\/420x236\/filters:format(webp):quality(85)\/cloudfront-us-east-1.images.arcpublishing.com\/infobae\/YYATD6YISVEZPO6V5DX4NW7RTM.jpg 420w,https:\/\/www.infobae.com\/new-resizer\/plMhZQAIvni2FNhlMpF76kZYtXg=\/768x432\/filters:format(webp):quality(85)\/cloudfront-us-east-1.images.arcpublishing.com\/infobae\/YYATD6YISVEZPO6V5DX4NW7RTM.jpg 768w,https:\/\/www.infobae.com\/new-resizer\/TlEGBpgrqWAxJg0dibKlvR5medc=\/992x558\/filters:format(webp):quality(85)\/cloudfront-us-east-1.images.arcpublishing.com\/infobae\/YYATD6YISVEZPO6V5DX4NW7RTM.jpg 992w,https:\/\/www.infobae.com\/new-resizer\/97DqjF8KTwoHQ8ai7niQpQSv7xg=\/1200x675\/filters:format(webp):quality(85)\/cloudfront-us-east-1.images.arcpublishing.com\/infobae\/YYATD6YISVEZPO6V5DX4NW7RTM.jpg 1200w,https:\/\/www.infobae.com\/new-resizer\/pSuAyFJha8qyfhxhOjwa8tCFT-k=\/1440x810\/filters:format(webp):quality(85)\/cloudfront-us-east-1.images.arcpublishing.com\/infobae\/YYATD6YISVEZPO6V5DX4NW7RTM.jpg 1440w\">Macarr\u00f3n se abraza a su hijo tras ser absuelto<\/p>\n\n\n\n<p>\u201cEs una primera medida, que se toma con la idea de tener un mapeo para luego seguir avanzando\u201d, indic\u00f3 el fiscal del caso, quien no precis\u00f3 datos sobre el avance o no de esa l\u00ednea investigativa. El objetivo final de la causa que instruye J\u00e1vega es llegar a la verdad hist\u00f3rica del crimen de Nora Dalmasso.<\/p>\n\n\n\n<p>Seg\u00fan se conoci\u00f3, las pruebas ya comenzaron, y&nbsp;<strong>tardar\u00e1n de cuatro a cinco meses m\u00e1s<\/strong>, debido a que se apunta a realizarla en unas&nbsp;<strong>200 personas<\/strong>.<\/p>\n\n\n\n<h2 class=\"wp-block-heading\">El crimen sigue impune<\/h2>\n\n\n\n<p>El 5 de julio del a\u00f1o pasado finaliz\u00f3 el juicio que&nbsp;<strong>absolvi\u00f3 a Macarr\u00f3n<\/strong>, en el que estaba imputado por el delito de \u201chomicidio calificado por el v\u00ednculo, por alevos\u00eda y por precio o promesa remuneratoria en concurso ideal\u201d.<\/p>\n\n\n\n<p>En ese entonces, el tribunal t\u00e9cnico de la C\u00e1mara del Crimen de R\u00edo Cuarto y con jurados populares, hab\u00eda resuelto hacer lugar al pedido de la Fiscal\u00eda y dictarte el&nbsp;<strong>\u201csobreseimiento\u201d<\/strong>&nbsp;de todos los cargos.<\/p>\n\n\n\n<p><img loading=\"lazy\" decoding=\"async\" alt=\"Los hijos de Dalmasso en el juicio contra su padre (Mario Sar)\" height=\"1080\" width=\"1920\" src=\"https:\/\/www.infobae.com\/new-resizer\/LS1HWatNbMuqf1TIzsfNw1-IU-U=\/arc-anglerfish-arc2-prod-infobae\/public\/JL4RHBTJMJBFRI7O33HS6GCG6I.jpg\" srcset=\"https:\/\/www.infobae.com\/new-resizer\/B7-1_zTebhUu-v3_iOJAR4DNFAU=\/420x236\/filters:format(webp):quality(85)\/cloudfront-us-east-1.images.arcpublishing.com\/infobae\/JL4RHBTJMJBFRI7O33HS6GCG6I.jpg 420w,https:\/\/www.infobae.com\/new-resizer\/vu_XZHQhI0nxeIZOLjkByEMxbI0=\/768x432\/filters:format(webp):quality(85)\/cloudfront-us-east-1.images.arcpublishing.com\/infobae\/JL4RHBTJMJBFRI7O33HS6GCG6I.jpg 768w,https:\/\/www.infobae.com\/new-resizer\/Qvad-rF8M62MAuYpowdcFK6fAZA=\/992x558\/filters:format(webp):quality(85)\/cloudfront-us-east-1.images.arcpublishing.com\/infobae\/JL4RHBTJMJBFRI7O33HS6GCG6I.jpg 992w,https:\/\/www.infobae.com\/new-resizer\/wwDU0ZsLqYTTJdYV6rxoIqarbj0=\/1200x675\/filters:format(webp):quality(85)\/cloudfront-us-east-1.images.arcpublishing.com\/infobae\/JL4RHBTJMJBFRI7O33HS6GCG6I.jpg 1200w,https:\/\/www.infobae.com\/new-resizer\/Xj3_VWk9v7pbjfSdD9IexPYOrPc=\/1440x810\/filters:format(webp):quality(85)\/cloudfront-us-east-1.images.arcpublishing.com\/infobae\/JL4RHBTJMJBFRI7O33HS6GCG6I.jpg 1440w\">Los hijos de Dalmasso en el juicio contra su padre (Mario Sar)<\/p>\n\n\n\n<p>En ese juicio, el fiscal Julio Rivero sostuvo que a Nora Dalmasso&nbsp;<strong>\u201cla mat\u00f3 una sola persona, un conocido por ella\u201d<\/strong>, y que tras \u201cun acto sexual consentido\u201d, el asesino sujet\u00f3 a la v\u00edctima del cuello hasta dejarla inconsciente y luego le hace un doble nudo con el cinto de la bata en el cuello, para evitar que recupere la conciencia.<\/p>\n\n\n\n<p>En ese&nbsp;<strong>cinto es en el que se encontr\u00f3 un rastro gen\u00e9tico<\/strong>, que por el momento es NN, porque no se pudo encontrar compatibilidad con ninguna persona testeada anteriormente, y es a quien apunta llegar el fiscal J\u00e1vega con estos nuevos cotejos.<\/p>\n\n\n\n<p>El cuerpo sin vida de Nora fue encontrado el&nbsp;<strong>26 noviembre de 2006<\/strong>&nbsp;en su vivienda de Villa del Golf, en la ciudad de R\u00edo Cuarto, y seg\u00fan las pericias muri\u00f3 asfixiada mediante estrangulamiento.<\/p>\n\n\n\n<p>A lo largo del proceso pasaron los fiscales Javier Di Santo, Fernando Moine, Marcelo Hidalgo, Daniel Miralles y Luis Pizarro, quien cerr\u00f3 la instrucci\u00f3n y la elev\u00f3 a juicio.<\/p>\n\n\n\n<p><img loading=\"lazy\" decoding=\"async\" alt=\"Nora Dalmasso junto a Marcelo Macarr\u00f3n\" height=\"1080\" width=\"1920\" src=\"https:\/\/www.infobae.com\/new-resizer\/IK7iFPxVF4mGvWWMgEL4wXMWn2M=\/arc-anglerfish-arc2-prod-infobae\/public\/PVMR3YVQBFDVRLZC64DLHXDAUI.jpg\" srcset=\"https:\/\/www.infobae.com\/new-resizer\/AlVoMi_yYnQwKGD-YNFrFvgw81w=\/420x236\/filters:format(webp):quality(85)\/cloudfront-us-east-1.images.arcpublishing.com\/infobae\/PVMR3YVQBFDVRLZC64DLHXDAUI.jpg 420w,https:\/\/www.infobae.com\/new-resizer\/ce0HspgqjBrbXwa_UilSGiWc15I=\/768x432\/filters:format(webp):quality(85)\/cloudfront-us-east-1.images.arcpublishing.com\/infobae\/PVMR3YVQBFDVRLZC64DLHXDAUI.jpg 768w,https:\/\/www.infobae.com\/new-resizer\/qnG2UCfOQOMLMD_eVIY0np98cD0=\/992x558\/filters:format(webp):quality(85)\/cloudfront-us-east-1.images.arcpublishing.com\/infobae\/PVMR3YVQBFDVRLZC64DLHXDAUI.jpg 992w,https:\/\/www.infobae.com\/new-resizer\/hHRBGGblR88tuZVRa7IaZFbd9gc=\/1200x675\/filters:format(webp):quality(85)\/cloudfront-us-east-1.images.arcpublishing.com\/infobae\/PVMR3YVQBFDVRLZC64DLHXDAUI.jpg 1200w,https:\/\/www.infobae.com\/new-resizer\/P-xKvVNtOVvuYovNFNMQBD4H_xg=\/1440x810\/filters:format(webp):quality(85)\/cloudfront-us-east-1.images.arcpublishing.com\/infobae\/PVMR3YVQBFDVRLZC64DLHXDAUI.jpg 1440w\">Nora Dalmasso junto a Marcelo Macarr\u00f3n<\/p>\n\n\n\n<p>Durante la investigaci\u00f3n fueron imputados el pintor&nbsp;<strong>Gast\u00f3n Z\u00e1rate<\/strong>, considerado \u201cperejil\u201d por sus vecinos que hasta marcharon para defender su inocencia; el hijo de la v\u00edctima&nbsp;<strong>Facundo Macarr\u00f3n<\/strong>, el abogado&nbsp;<strong>Rafael Magnasco<\/strong>, quienes progresivamente fueron sobrese\u00eddos de las acusaciones; y finalmente el viudo Macarr\u00f3n c\u00f3mo el \u00fanico que lleg\u00f3 como acusado al juicio en calidad de instigador del crimen, pero termin\u00f3 absuelto.<\/p>\n","protected":false},"excerpt":{"rendered":"<p>Un fiscal de&nbsp;R\u00edo Cuarto, C\u00f3rdoba, solicit\u00f3 realizar&nbsp;nuevas pruebas de ADN&nbsp;para intentar determinar qui\u00e9n fue el autor del crimen de&nbsp;Nora Dalmasso, ocurrido en noviembre de 2006 en una vivienda de Villa&hellip; <\/p>\n","protected":false},"author":1,"featured_media":89192,"comment_status":"closed","ping_status":"open","sticky":false,"template":"","format":"standard","meta":{"footnotes":""},"categories":[5],"tags":[],"class_list":["post-89185","post","type-post","status-publish","format-standard","has-post-thumbnail","hentry","category-crimen-y-justicia"],"_links":{"self":[{"href":"https:\/\/corrientesdetarde.com\/index.php\/wp-json\/wp\/v2\/posts\/89185","targetHints":{"allow":["GET"]}}],"collection":[{"href":"https:\/\/corrientesdetarde.com\/index.php\/wp-json\/wp\/v2\/posts"}],"about":[{"href":"https:\/\/corrientesdetarde.com\/index.php\/wp-json\/wp\/v2\/types\/post"}],"author":[{"embeddable":true,"href":"https:\/\/corrientesdetarde.com\/index.php\/wp-json\/wp\/v2\/users\/1"}],"replies":[{"embeddable":true,"href":"https:\/\/corrientesdetarde.com\/index.php\/wp-json\/wp\/v2\/comments?post=89185"}],"version-history":[{"count":1,"href":"https:\/\/corrientesdetarde.com\/index.php\/wp-json\/wp\/v2\/posts\/89185\/revisions"}],"predecessor-version":[{"id":89193,"href":"https:\/\/corrientesdetarde.com\/index.php\/wp-json\/wp\/v2\/posts\/89185\/revisions\/89193"}],"wp:featuredmedia":[{"embeddable":true,"href":"https:\/\/corrientesdetarde.com\/index.php\/wp-json\/wp\/v2\/media\/89192"}],"wp:attachment":[{"href":"https:\/\/corrientesdetarde.com\/index.php\/wp-json\/wp\/v2\/media?parent=89185"}],"wp:term":[{"taxonomy":"category","embeddable":true,"href":"https:\/\/corrientesdetarde.com\/index.php\/wp-json\/wp\/v2\/categories?post=89185"},{"taxonomy":"post_tag","embeddable":true,"href":"https:\/\/corrientesdetarde.com\/index.php\/wp-json\/wp\/v2\/tags?post=89185"}],"curies":[{"name":"wp","href":"https:\/\/api.w.org\/{rel}","templated":true}]}}