{"id":89194,"date":"2023-09-20T10:42:07","date_gmt":"2023-09-20T13:42:07","guid":{"rendered":"https:\/\/corrientesdetarde.com\/?p=89194"},"modified":"2023-09-20T10:45:14","modified_gmt":"2023-09-20T13:45:14","slug":"copa-de-la-liga-san-lorenzo-y-racing-buscan-seguir-sumando","status":"publish","type":"post","link":"https:\/\/corrientesdetarde.com\/index.php\/deportes\/copa-de-la-liga-san-lorenzo-y-racing-buscan-seguir-sumando\/","title":{"rendered":"COPA DE LA LIGA: SAN LORENZO Y RACING BUSCAN SEGUIR SUMANDO"},"content":{"rendered":"\n<p>(Corresponsal\u00eda Buenos Aires) &#8211; El cicl\u00f3n visita a Estudiantes y la academia recibe a Newell&#8217;s. La quinta fecha de la Copa de la Liga Profesional continuar\u00e1 este mi\u00e9rcoles con un total de seis partidos. ( Agrega Resumen Audiovisual de Coco Ram\u00f3n) .<\/p>\n\n\n\n<figure class=\"wp-block-embed is-type-video is-provider-youtube wp-block-embed-youtube wp-embed-aspect-16-9 wp-has-aspect-ratio\"><div class=\"wp-block-embed__wrapper\">\n<iframe loading=\"lazy\" title=\"Quinta fecha de la Copa de la Liga\" width=\"1110\" height=\"624\" src=\"https:\/\/www.youtube.com\/embed\/gdOE_ewXIUM?feature=oembed\" frameborder=\"0\" allow=\"accelerometer; autoplay; clipboard-write; encrypted-media; gyroscope; picture-in-picture; web-share\" allowfullscreen><\/iframe>\n<\/div><\/figure>\n\n\n\n<p>A primera hora, desde las 16, Barracas y Defensa intentar\u00e1n seguir haci\u00e9ndose fuertes de local cuando se enfrenten a Banfield y Tigre, respectivamente.<br>Posteriormente, a partir de las 18.30, Estudiantes ir\u00e1 por su primer triunfo en el certamen cuando reciba al San Lorenzo del gallego Insua, que suma seis puntos en cuatro presentaciones, producto de un triunfo y tres empates.<br>Simult\u00e1neamente se estar\u00e1 disputando el encuentro entre V\u00e9lez y Arsenal en Liniers. Un fort\u00edn obligado a recuperarse tras su derrota ante Gimnasia frente a un Arsenal virtualmente descendido pero que dar\u00e1 pelea.<br>La jornada se cerrar\u00e1 a las 21 horas con la visita de Colon de Santa Fe a C\u00f3rdoba para enfrentar a Instituto, y la de Newell&#8217;s a Avellaneda para enfrentar al Racing de Fernando Gago, obligado a pelear el campeonato tras sus malos tragos en Libertadores y Copa Argentina.<\/p>\n","protected":false},"excerpt":{"rendered":"<p>(Corresponsal\u00eda Buenos Aires) &#8211; El cicl\u00f3n visita a Estudiantes y la academia recibe a Newell&#8217;s. La quinta fecha de la Copa de la Liga Profesional continuar\u00e1 este mi\u00e9rcoles con un&hellip; <\/p>\n","protected":false},"author":11,"featured_media":89197,"comment_status":"closed","ping_status":"open","sticky":false,"template":"","format":"standard","meta":{"footnotes":""},"categories":[4],"tags":[119,504,503],"class_list":["post-89194","post","type-post","status-publish","format-standard","has-post-thumbnail","hentry","category-deportes","tag-boca","tag-futbol","tag-liga"],"_links":{"self":[{"href":"https:\/\/corrientesdetarde.com\/index.php\/wp-json\/wp\/v2\/posts\/89194","targetHints":{"allow":["GET"]}}],"collection":[{"href":"https:\/\/corrientesdetarde.com\/index.php\/wp-json\/wp\/v2\/posts"}],"about":[{"href":"https:\/\/corrientesdetarde.com\/index.php\/wp-json\/wp\/v2\/types\/post"}],"author":[{"embeddable":true,"href":"https:\/\/corrientesdetarde.com\/index.php\/wp-json\/wp\/v2\/users\/11"}],"replies":[{"embeddable":true,"href":"https:\/\/corrientesdetarde.com\/index.php\/wp-json\/wp\/v2\/comments?post=89194"}],"version-history":[{"count":1,"href":"https:\/\/corrientesdetarde.com\/index.php\/wp-json\/wp\/v2\/posts\/89194\/revisions"}],"predecessor-version":[{"id":89195,"href":"https:\/\/corrientesdetarde.com\/index.php\/wp-json\/wp\/v2\/posts\/89194\/revisions\/89195"}],"wp:featuredmedia":[{"embeddable":true,"href":"https:\/\/corrientesdetarde.com\/index.php\/wp-json\/wp\/v2\/media\/89197"}],"wp:attachment":[{"href":"https:\/\/corrientesdetarde.com\/index.php\/wp-json\/wp\/v2\/media?parent=89194"}],"wp:term":[{"taxonomy":"category","embeddable":true,"href":"https:\/\/corrientesdetarde.com\/index.php\/wp-json\/wp\/v2\/categories?post=89194"},{"taxonomy":"post_tag","embeddable":true,"href":"https:\/\/corrientesdetarde.com\/index.php\/wp-json\/wp\/v2\/tags?post=89194"}],"curies":[{"name":"wp","href":"https:\/\/api.w.org\/{rel}","templated":true}]}}