{"id":89199,"date":"2023-09-20T12:22:16","date_gmt":"2023-09-20T15:22:16","guid":{"rendered":"https:\/\/corrientesdetarde.com\/?p=89199"},"modified":"2023-09-20T12:22:22","modified_gmt":"2023-09-20T15:22:22","slug":"corrientes-registro-5-casos-nuevos-de-coronavirus","status":"publish","type":"post","link":"https:\/\/corrientesdetarde.com\/index.php\/bienestar-y-salud\/corrientes-registro-5-casos-nuevos-de-coronavirus\/","title":{"rendered":"Corrientes registr\u00f3 5 casos nuevos de Coronavirus&nbsp;"},"content":{"rendered":"\n<p>El informe epidemiol\u00f3gico de la provincia de Corrientes registr\u00f3 5 casos nuevos de Coronavirus, 4 de Capital y 1 de Santo Tom\u00e9 al haberse analizado 186 muestras en toda la provincia. \u00a0<br>La cifra de casos activos se actualiza a 14 y los acumulados en 198.126 en todo el territorio provincial, al 20 de septiembre de 2023, con 2.125.179 testeos realizados desde que inici\u00f3 la pandemia y 196.132 recuperados; mientras que son 2.179 los fallecidos acumulados.<br><strong>Hospital de Campa\u00f1a<\/strong><br>Desde el Hospital de Campa\u00f1a \u201cEscuela Hogar\u201d detallaron que a la fecha (20 de septiembre), hay 5 pacientes internados con resultado positivo para Covid-19, 4 en Cl\u00ednica General, cl\u00ednicamente estables y 1 en la Unidad de Terapia Intensiva, con respiraci\u00f3n mec\u00e1nica asistida y pron\u00f3stico reservado.<br>Fue dado de alta 1 paciente recuperado.\u00a0<br>Est\u00e1 ocupado el 0.33% de los respiradores.<\/p>\n\n\n\n<figure class=\"wp-block-image size-large\"><img loading=\"lazy\" decoding=\"async\" width=\"895\" height=\"1024\" src=\"https:\/\/corrientesdetarde.com\/wp-content\/uploads\/2023\/09\/image-507-895x1024.png\" alt=\"\" class=\"wp-image-89209\" srcset=\"https:\/\/corrientesdetarde.com\/wp-content\/uploads\/2023\/09\/image-507-895x1024.png 895w, https:\/\/corrientesdetarde.com\/wp-content\/uploads\/2023\/09\/image-507-262x300.png 262w, https:\/\/corrientesdetarde.com\/wp-content\/uploads\/2023\/09\/image-507-768x879.png 768w, https:\/\/corrientesdetarde.com\/wp-content\/uploads\/2023\/09\/image-507-1342x1536.png 1342w, https:\/\/corrientesdetarde.com\/wp-content\/uploads\/2023\/09\/image-507.png 1398w\" sizes=\"auto, (max-width: 895px) 100vw, 895px\" \/><\/figure>\n","protected":false},"excerpt":{"rendered":"<p>El informe epidemiol\u00f3gico de la provincia de Corrientes registr\u00f3 5 casos nuevos de Coronavirus, 4 de Capital y 1 de Santo Tom\u00e9 al haberse analizado 186 muestras en toda la&hellip; <\/p>\n","protected":false},"author":1,"featured_media":89210,"comment_status":"closed","ping_status":"open","sticky":false,"template":"","format":"standard","meta":{"footnotes":""},"categories":[16],"tags":[],"class_list":["post-89199","post","type-post","status-publish","format-standard","has-post-thumbnail","hentry","category-bienestar-y-salud"],"_links":{"self":[{"href":"https:\/\/corrientesdetarde.com\/index.php\/wp-json\/wp\/v2\/posts\/89199","targetHints":{"allow":["GET"]}}],"collection":[{"href":"https:\/\/corrientesdetarde.com\/index.php\/wp-json\/wp\/v2\/posts"}],"about":[{"href":"https:\/\/corrientesdetarde.com\/index.php\/wp-json\/wp\/v2\/types\/post"}],"author":[{"embeddable":true,"href":"https:\/\/corrientesdetarde.com\/index.php\/wp-json\/wp\/v2\/users\/1"}],"replies":[{"embeddable":true,"href":"https:\/\/corrientesdetarde.com\/index.php\/wp-json\/wp\/v2\/comments?post=89199"}],"version-history":[{"count":1,"href":"https:\/\/corrientesdetarde.com\/index.php\/wp-json\/wp\/v2\/posts\/89199\/revisions"}],"predecessor-version":[{"id":89211,"href":"https:\/\/corrientesdetarde.com\/index.php\/wp-json\/wp\/v2\/posts\/89199\/revisions\/89211"}],"wp:featuredmedia":[{"embeddable":true,"href":"https:\/\/corrientesdetarde.com\/index.php\/wp-json\/wp\/v2\/media\/89210"}],"wp:attachment":[{"href":"https:\/\/corrientesdetarde.com\/index.php\/wp-json\/wp\/v2\/media?parent=89199"}],"wp:term":[{"taxonomy":"category","embeddable":true,"href":"https:\/\/corrientesdetarde.com\/index.php\/wp-json\/wp\/v2\/categories?post=89199"},{"taxonomy":"post_tag","embeddable":true,"href":"https:\/\/corrientesdetarde.com\/index.php\/wp-json\/wp\/v2\/tags?post=89199"}],"curies":[{"name":"wp","href":"https:\/\/api.w.org\/{rel}","templated":true}]}}