{"id":89212,"date":"2023-09-20T13:48:40","date_gmt":"2023-09-20T16:48:40","guid":{"rendered":"https:\/\/corrientesdetarde.com\/?p=89212"},"modified":"2023-09-20T13:48:53","modified_gmt":"2023-09-20T16:48:53","slug":"anunciaron-la-1o-jornada-zoonosis-en-corrientes-una-salud","status":"publish","type":"post","link":"https:\/\/corrientesdetarde.com\/index.php\/bienestar-y-salud\/anunciaron-la-1o-jornada-zoonosis-en-corrientes-una-salud\/","title":{"rendered":"Anunciaron la 1\u00ba Jornada Zoonosis en Corrientes \u201cUna Salud\u201d"},"content":{"rendered":"\n<p>En el Sal\u00f3n Verde de Casa de Gobierno se realiz\u00f3 este mi\u00e9rcoles la presentaci\u00f3n de la 1\u00ba Jornada Zoonosis en Corrientes \u201cUna Salud\u201d. La misma tendr\u00e1 lugar el jueves 28 de septiembre en el Sal\u00f3n Auditorio de la Facultad de Veterinaria de la UNNE (Campus Sargento Cabral) y tiene como objetivo mejorar la prevenci\u00f3n, el control y la preparaci\u00f3n para retos actuales y futuros en esta tem\u00e1tica, para lo cual se expondr\u00e1 y debatir\u00e1 sobre Hidatidosis, Rabia, Brucelosis, Carbunclo, &nbsp;Leishmaniasis y Resistencia Antimicrobiana.<\/p>\n\n\n\n<p>Se trata de una acci\u00f3n estrat\u00e9gica organizada conjuntamente por los ministerios de Salud P\u00fablica y de Producci\u00f3n, que apunta a fomentar la coordinaci\u00f3n y colaboraci\u00f3n entre diferentes actores gubernamentales de programas de salud humana, animal, vegetal y del medioambiente.<\/p>\n\n\n\n<p>Est\u00e1 dirigida a referentes municipales de zoonosis, estudiantes de los \u00faltimos a\u00f1os de las facultades de Veterinaria y Medicina de la UNNE, Escuelas de las Familias Agr\u00edcolas (EFAS), productores ganadores y personal de la salud.<\/p>\n\n\n\n<p>La Jornada dar\u00e1 inicio el jueves 28 de septiembre a las 8 horas con el registro y entrega de materiales, estando previsto el acto inaugural a las 9 y la actividad se extender\u00e1 hasta pasada las 17.<\/p>\n\n\n\n<p>En la oportunidad, expondr\u00e1n prestigiosos disertantes y se conformar\u00e1n distintos paneles que abarcar\u00e1n las tem\u00e1ticas de Rabia, Hidatidosis, Brucelosis, Resistencia Antimicrobiana, Carbunclo y Leishmaniasis, contando en todos los casos con moderadores.<\/p>\n\n\n\n<p>Los interesados en asistir a la jornada pueden inscribirse en el siguiente link:&nbsp;<a href=\"https:\/\/forms.gle\/cCwj41WrijjmvVYv7\" target=\"_blank\" rel=\"noreferrer noopener\">https:\/\/forms.gle\/cCwj41WrijjmvVYv7<\/a><\/p>\n\n\n\n<p><strong>Ministro Cardozo<\/strong><\/p>\n\n\n\n<p>En el marco de la presentaci\u00f3n, el ministro de Salud P\u00fablica, Ricardo Cardozo dio cuenta que desde la Provincia, \u201cse ataca a una problem\u00e1tica global que incluye al 60% de las enfermedades que sufre el humano\u201d.<\/p>\n\n\n\n<p>Y sostuvo que este tipo de patolog\u00edas \u201cse encaraba desde el punto de vista veterinario y no ten\u00edamos el capital humano para estas cosas\u201d, por lo que inst\u00f3 \u201ca empezar a hablar de estas problem\u00e1ticas y atacar problemas, como los del cambio clim\u00e1tico\u201d.<\/p>\n\n\n\n<p>Respecto a esta cuesti\u00f3n ambiental, el funcionario ejemplific\u00f3 que, \u201ccon los incendios, nuestros animales silvestres, que forman parte de una cadena ecol\u00f3gica, quedan tambi\u00e9n muy afectados\u201d, por eso, \u201cpor primera vez le estamos dando mucho empuje desde el Ministerio a lo que es la cuesti\u00f3n ambiental\u201d.<\/p>\n\n\n\n<p>A\u00f1adiendo a este tema, Cardozo detall\u00f3 que el 90% de los factores causales provienen de situaciones ambientales, y lo se\u00f1alo como \u201cun determinante de la salud\u201d.<\/p>\n\n\n\n<p><strong>Ministro Anselmo<\/strong><\/p>\n\n\n\n<p>A su turno, el ministro de Producci\u00f3n, Claudio Anselmo, explic\u00f3 la importancia de abordar las enfermedades en el \u00e1rea productiva de manera integral y sist\u00e9mica, resaltando a la vez la importancia de cuidar la sanidad de los animales y c\u00f3mo esto puede impactar en la producci\u00f3n y en la salud humana.<\/p>\n\n\n\n<p>&#8220;Es muy importante que hayamos adoptado esta mirada distinta, que es una mirada integral y sist\u00e9mica en c\u00f3mo trabajar en sistemas que son relevantes, que son muy importantes y que influyen tanto en la capacidad productiva de algunas de las actividades m\u00e1s importantes de los provientes&#8221;, destac\u00f3 Anselmo.<\/p>\n\n\n\n<p>&nbsp;Asimismo, el ministro declar\u00f3 que &#8220;somos hist\u00f3ricamente una provincia ganadera, la tercera provincia en el stock de bovinos, con capacidad de producir a\u00fan m\u00e1s, de crecer, de integrarnos en el proceso productivo, de llegar hasta la faena y poder exportar carnes, entre ellas de b\u00fafalo, recuperar nuestra capacidad de producci\u00f3n bovina, que tambi\u00e9n es un gran productor de carne, ya que hemos cambiado el tradicional sector productivo que era fundamentalmente para lanas al sector carnicero, la producci\u00f3n tambi\u00e9n de la cr\u00eda de cerdo y la producci\u00f3n de carne, que son todas actividades que las corrientes tienen posibilidades y potencial, pero uno de los factores fundamentales para que esto se desarrolle adecuadamente es el cuidado de la sanidad&#8221;.<\/p>\n\n\n\n<p>Por \u00faltimo, el Ministro resalt\u00f3 el potencial de crecimiento de la provincia y la importancia de trabajar en conjunto entre los ministerios de producci\u00f3n y turismo.<\/p>\n\n\n\n<p><strong>Angelina Bobadilla<\/strong><\/p>\n\n\n\n<p>La directora de Epidemiolog\u00eda, Angelina Bobadilla, inform\u00f3 que un 60% de las enfermedades humanas infecciosas son zoon\u00f3ticas, es decir de origen animal. Adem\u00e1s, que cada 5 enfermedades nuevas que aparecen por a\u00f1o, 3 son de este tipo y un 80% de estos agentes pat\u00f3genos pueden ser utilizados con fines de bioterrorismo.<\/p>\n\n\n\n<p>Ante este panorama, resulta conveniente un abordaje multisectorial \u201cporque de manera aislada se puede avanzar, pero el proceso ser\u00eda mucho m\u00e1s lento y no cumplir\u00edamos con los objetivos en los tiempos que necesita este mundo globalizado\u201d, puso de manifiesto.<\/p>\n\n\n\n<p>Como ejemplo, Bobadilla mencion\u00f3 el combate contra la rabia, que consiste en la prevenci\u00f3n a trav\u00e9s de la vacunaci\u00f3n de personas pero tambi\u00e9n de las mascotas. Por otro lado, se trabaja tambi\u00e9n con la educaci\u00f3n y capacitaci\u00f3n continua tanto en grado como en posgrado.<\/p>\n\n\n\n<p>\u201cDejar transitar estas enfermedades pondr\u00edan en riesgo nuestra salud, provocando crisis sanitarias\u201d, expres\u00f3 la funcionaria, poniendo de relieve las estrategias en la que distintos actores sociales forman parte, con t\u00e9cnicas modernas y evidencia cient\u00edfica.<\/p>\n\n\n\n<p><strong>Puntapi\u00e9 inicial<\/strong><\/p>\n\n\n\n<p>Por su parte, el director de Producci\u00f3n Animal del Ministerio de Producci\u00f3n, Raul Ortiz, indic\u00f3 que &#8220;esto es el puntapi\u00e9 inicial para muchas jornadas que tienen que venir despu\u00e9s, en donde los equipos de dos ministerios, junto con SENASA, FUCOSA, y la UNNE, van a llevar adelante esta tarea&#8221;.<\/p>\n\n\n\n<p>Ortiz coment\u00f3 que esta jornada significa desplegar una capacitaci\u00f3n muy importante ya que &#8220;vamos a tratar sobre las nuevas normas de financiaciones tecnol\u00f3gicas, rabia, hidatidosis resistencia microbiotica, leishmaniasis y otras tem\u00e1ticas&#8221; y agreg\u00f3 que \u201cestar\u00e1n presentes expertos de la provincia y de distintos puntos del pa\u00eds\u201d, haciendo a su vez una invitaci\u00f3n abierta a participar de la misma.<\/p>\n\n\n\n<p><strong>Presencias<\/strong><\/p>\n\n\n\n<p>Tambi\u00e9n acompa\u00f1aron el lanzamiento del evento,\u00a0 los decanos de las facultades, de Medicina, German Pagno, y de Ciencias Veterinarias, Fabiana Cipollini, el presidente de FUCOSA, Omar Senosiain, el coordinador Zonal del SENASA, Javier Alarc\u00f3n, subsecretarios y directores de las carteras de Salud P\u00fablica y Producci\u00f3n y referentes de esta tem\u00e1tica. \u00a0<\/p>\n\n\n\n<figure class=\"wp-block-image size-large\"><img loading=\"lazy\" decoding=\"async\" width=\"1024\" height=\"683\" src=\"https:\/\/corrientesdetarde.com\/wp-content\/uploads\/2023\/09\/image-508-1024x683.png\" alt=\"\" class=\"wp-image-89214\" srcset=\"https:\/\/corrientesdetarde.com\/wp-content\/uploads\/2023\/09\/image-508-1024x683.png 1024w, https:\/\/corrientesdetarde.com\/wp-content\/uploads\/2023\/09\/image-508-300x200.png 300w, https:\/\/corrientesdetarde.com\/wp-content\/uploads\/2023\/09\/image-508-768x512.png 768w, https:\/\/corrientesdetarde.com\/wp-content\/uploads\/2023\/09\/image-508.png 1200w\" sizes=\"auto, (max-width: 1024px) 100vw, 1024px\" \/><\/figure>\n\n\n\n<figure class=\"wp-block-image size-large\"><img loading=\"lazy\" decoding=\"async\" width=\"1024\" height=\"683\" src=\"https:\/\/corrientesdetarde.com\/wp-content\/uploads\/2023\/09\/image-509-1024x683.png\" alt=\"\" class=\"wp-image-89215\" srcset=\"https:\/\/corrientesdetarde.com\/wp-content\/uploads\/2023\/09\/image-509-1024x683.png 1024w, https:\/\/corrientesdetarde.com\/wp-content\/uploads\/2023\/09\/image-509-300x200.png 300w, https:\/\/corrientesdetarde.com\/wp-content\/uploads\/2023\/09\/image-509-768x512.png 768w, https:\/\/corrientesdetarde.com\/wp-content\/uploads\/2023\/09\/image-509.png 1200w\" sizes=\"auto, (max-width: 1024px) 100vw, 1024px\" \/><\/figure>\n\n\n\n<figure class=\"wp-block-image size-large\"><img loading=\"lazy\" decoding=\"async\" width=\"1024\" height=\"683\" src=\"https:\/\/corrientesdetarde.com\/wp-content\/uploads\/2023\/09\/image-510-1024x683.png\" alt=\"\" class=\"wp-image-89216\" srcset=\"https:\/\/corrientesdetarde.com\/wp-content\/uploads\/2023\/09\/image-510-1024x683.png 1024w, https:\/\/corrientesdetarde.com\/wp-content\/uploads\/2023\/09\/image-510-300x200.png 300w, https:\/\/corrientesdetarde.com\/wp-content\/uploads\/2023\/09\/image-510-768x512.png 768w, https:\/\/corrientesdetarde.com\/wp-content\/uploads\/2023\/09\/image-510.png 1200w\" sizes=\"auto, (max-width: 1024px) 100vw, 1024px\" \/><\/figure>\n\n\n\n<figure class=\"wp-block-image size-large\"><img loading=\"lazy\" decoding=\"async\" width=\"1024\" height=\"683\" src=\"https:\/\/corrientesdetarde.com\/wp-content\/uploads\/2023\/09\/image-511-1024x683.png\" alt=\"\" class=\"wp-image-89217\" srcset=\"https:\/\/corrientesdetarde.com\/wp-content\/uploads\/2023\/09\/image-511-1024x683.png 1024w, https:\/\/corrientesdetarde.com\/wp-content\/uploads\/2023\/09\/image-511-300x200.png 300w, https:\/\/corrientesdetarde.com\/wp-content\/uploads\/2023\/09\/image-511-768x512.png 768w, https:\/\/corrientesdetarde.com\/wp-content\/uploads\/2023\/09\/image-511.png 1200w\" sizes=\"auto, (max-width: 1024px) 100vw, 1024px\" \/><\/figure>\n\n\n\n<figure class=\"wp-block-image size-large\"><img loading=\"lazy\" decoding=\"async\" width=\"1024\" height=\"683\" src=\"https:\/\/corrientesdetarde.com\/wp-content\/uploads\/2023\/09\/image-512-1024x683.png\" alt=\"\" class=\"wp-image-89218\" srcset=\"https:\/\/corrientesdetarde.com\/wp-content\/uploads\/2023\/09\/image-512-1024x683.png 1024w, https:\/\/corrientesdetarde.com\/wp-content\/uploads\/2023\/09\/image-512-300x200.png 300w, https:\/\/corrientesdetarde.com\/wp-content\/uploads\/2023\/09\/image-512-768x512.png 768w, https:\/\/corrientesdetarde.com\/wp-content\/uploads\/2023\/09\/image-512.png 1200w\" sizes=\"auto, (max-width: 1024px) 100vw, 1024px\" \/><\/figure>\n\n\n\n<figure class=\"wp-block-image size-large\"><img loading=\"lazy\" decoding=\"async\" width=\"1024\" height=\"683\" src=\"https:\/\/corrientesdetarde.com\/wp-content\/uploads\/2023\/09\/image-513-1024x683.png\" alt=\"\" class=\"wp-image-89219\" srcset=\"https:\/\/corrientesdetarde.com\/wp-content\/uploads\/2023\/09\/image-513-1024x683.png 1024w, https:\/\/corrientesdetarde.com\/wp-content\/uploads\/2023\/09\/image-513-300x200.png 300w, https:\/\/corrientesdetarde.com\/wp-content\/uploads\/2023\/09\/image-513-768x512.png 768w, https:\/\/corrientesdetarde.com\/wp-content\/uploads\/2023\/09\/image-513.png 1200w\" sizes=\"auto, (max-width: 1024px) 100vw, 1024px\" \/><\/figure>\n","protected":false},"excerpt":{"rendered":"<p>En el Sal\u00f3n Verde de Casa de Gobierno se realiz\u00f3 este mi\u00e9rcoles la presentaci\u00f3n de la 1\u00ba Jornada Zoonosis en Corrientes \u201cUna Salud\u201d. La misma tendr\u00e1 lugar el jueves 28&hellip; <\/p>\n","protected":false},"author":8,"featured_media":89213,"comment_status":"closed","ping_status":"open","sticky":false,"template":"","format":"standard","meta":{"footnotes":""},"categories":[16],"tags":[],"class_list":["post-89212","post","type-post","status-publish","format-standard","has-post-thumbnail","hentry","category-bienestar-y-salud"],"_links":{"self":[{"href":"https:\/\/corrientesdetarde.com\/index.php\/wp-json\/wp\/v2\/posts\/89212","targetHints":{"allow":["GET"]}}],"collection":[{"href":"https:\/\/corrientesdetarde.com\/index.php\/wp-json\/wp\/v2\/posts"}],"about":[{"href":"https:\/\/corrientesdetarde.com\/index.php\/wp-json\/wp\/v2\/types\/post"}],"author":[{"embeddable":true,"href":"https:\/\/corrientesdetarde.com\/index.php\/wp-json\/wp\/v2\/users\/8"}],"replies":[{"embeddable":true,"href":"https:\/\/corrientesdetarde.com\/index.php\/wp-json\/wp\/v2\/comments?post=89212"}],"version-history":[{"count":1,"href":"https:\/\/corrientesdetarde.com\/index.php\/wp-json\/wp\/v2\/posts\/89212\/revisions"}],"predecessor-version":[{"id":89220,"href":"https:\/\/corrientesdetarde.com\/index.php\/wp-json\/wp\/v2\/posts\/89212\/revisions\/89220"}],"wp:featuredmedia":[{"embeddable":true,"href":"https:\/\/corrientesdetarde.com\/index.php\/wp-json\/wp\/v2\/media\/89213"}],"wp:attachment":[{"href":"https:\/\/corrientesdetarde.com\/index.php\/wp-json\/wp\/v2\/media?parent=89212"}],"wp:term":[{"taxonomy":"category","embeddable":true,"href":"https:\/\/corrientesdetarde.com\/index.php\/wp-json\/wp\/v2\/categories?post=89212"},{"taxonomy":"post_tag","embeddable":true,"href":"https:\/\/corrientesdetarde.com\/index.php\/wp-json\/wp\/v2\/tags?post=89212"}],"curies":[{"name":"wp","href":"https:\/\/api.w.org\/{rel}","templated":true}]}}