{"id":89234,"date":"2023-09-20T13:54:26","date_gmt":"2023-09-20T16:54:26","guid":{"rendered":"https:\/\/corrientesdetarde.com\/?p=89234"},"modified":"2023-09-20T13:54:38","modified_gmt":"2023-09-20T16:54:38","slug":"este-viernes-se-estrenara-el-videoclip-mira-la-radio","status":"publish","type":"post","link":"https:\/\/corrientesdetarde.com\/index.php\/cultura\/este-viernes-se-estrenara-el-videoclip-mira-la-radio\/","title":{"rendered":"Este viernes se estrenar\u00e1 el videoclip \u201cMira la Radio\u201d"},"content":{"rendered":"\n<p>Este viernes a las 21 30 hs en las escalinatas del Teatro Vera se realizar\u00e1 el estreno del videoclip musical producido por EntelequiaFilm para la Banda local La Qstion llamado \u201cMira la radio\u201d.<\/p>\n\n\n\n<p>Dicha producci\u00f3n comenz\u00f3 en el mes de junio y tiene la particularidad narrativa de llevarnos a dar un vistazo por otros tiempos en la pistoresca Ciudad de Corrientes representando asi la d\u00e9cada de 1930, entre otras \u00e9pocas. En esta realizaci\u00f3n participaron m\u00e1s de 300 personas y fue necesario el apoyo de diferentes instituciones tanto p\u00fablicas como privadas para llevar a cabo dicha propuesta.<\/p>\n\n\n\n<p>La entrada de la cita es libre y gratuita dejando abierta la invitaci\u00f3n para toda la comunidad y a la vez, habr\u00e1&nbsp;autos cl\u00e1sicos y participar\u00e1 el&nbsp;ballet San Juan Bautista con un show en vivo.<\/p>\n\n\n\n<figure class=\"wp-block-image size-large\"><img loading=\"lazy\" decoding=\"async\" width=\"765\" height=\"1024\" src=\"https:\/\/corrientesdetarde.com\/wp-content\/uploads\/2023\/09\/image-514-765x1024.png\" alt=\"\" class=\"wp-image-89236\" srcset=\"https:\/\/corrientesdetarde.com\/wp-content\/uploads\/2023\/09\/image-514-765x1024.png 765w, https:\/\/corrientesdetarde.com\/wp-content\/uploads\/2023\/09\/image-514-224x300.png 224w, https:\/\/corrientesdetarde.com\/wp-content\/uploads\/2023\/09\/image-514-768x1028.png 768w, https:\/\/corrientesdetarde.com\/wp-content\/uploads\/2023\/09\/image-514.png 861w\" sizes=\"auto, (max-width: 765px) 100vw, 765px\" \/><\/figure>\n\n\n\n<figure class=\"wp-block-image size-large\"><img loading=\"lazy\" decoding=\"async\" width=\"776\" height=\"1024\" src=\"https:\/\/corrientesdetarde.com\/wp-content\/uploads\/2023\/09\/image-515-776x1024.png\" alt=\"\" class=\"wp-image-89237\" srcset=\"https:\/\/corrientesdetarde.com\/wp-content\/uploads\/2023\/09\/image-515-776x1024.png 776w, https:\/\/corrientesdetarde.com\/wp-content\/uploads\/2023\/09\/image-515-227x300.png 227w, https:\/\/corrientesdetarde.com\/wp-content\/uploads\/2023\/09\/image-515-768x1013.png 768w, https:\/\/corrientesdetarde.com\/wp-content\/uploads\/2023\/09\/image-515.png 970w\" sizes=\"auto, (max-width: 776px) 100vw, 776px\" \/><\/figure>\n","protected":false},"excerpt":{"rendered":"<p>Este viernes a las 21 30 hs en las escalinatas del Teatro Vera se realizar\u00e1 el estreno del videoclip musical producido por EntelequiaFilm para la Banda local La Qstion llamado&hellip; <\/p>\n","protected":false},"author":8,"featured_media":89238,"comment_status":"closed","ping_status":"open","sticky":false,"template":"","format":"standard","meta":{"footnotes":""},"categories":[15],"tags":[],"class_list":["post-89234","post","type-post","status-publish","format-standard","has-post-thumbnail","hentry","category-cultura"],"_links":{"self":[{"href":"https:\/\/corrientesdetarde.com\/index.php\/wp-json\/wp\/v2\/posts\/89234","targetHints":{"allow":["GET"]}}],"collection":[{"href":"https:\/\/corrientesdetarde.com\/index.php\/wp-json\/wp\/v2\/posts"}],"about":[{"href":"https:\/\/corrientesdetarde.com\/index.php\/wp-json\/wp\/v2\/types\/post"}],"author":[{"embeddable":true,"href":"https:\/\/corrientesdetarde.com\/index.php\/wp-json\/wp\/v2\/users\/8"}],"replies":[{"embeddable":true,"href":"https:\/\/corrientesdetarde.com\/index.php\/wp-json\/wp\/v2\/comments?post=89234"}],"version-history":[{"count":1,"href":"https:\/\/corrientesdetarde.com\/index.php\/wp-json\/wp\/v2\/posts\/89234\/revisions"}],"predecessor-version":[{"id":89239,"href":"https:\/\/corrientesdetarde.com\/index.php\/wp-json\/wp\/v2\/posts\/89234\/revisions\/89239"}],"wp:featuredmedia":[{"embeddable":true,"href":"https:\/\/corrientesdetarde.com\/index.php\/wp-json\/wp\/v2\/media\/89238"}],"wp:attachment":[{"href":"https:\/\/corrientesdetarde.com\/index.php\/wp-json\/wp\/v2\/media?parent=89234"}],"wp:term":[{"taxonomy":"category","embeddable":true,"href":"https:\/\/corrientesdetarde.com\/index.php\/wp-json\/wp\/v2\/categories?post=89234"},{"taxonomy":"post_tag","embeddable":true,"href":"https:\/\/corrientesdetarde.com\/index.php\/wp-json\/wp\/v2\/tags?post=89234"}],"curies":[{"name":"wp","href":"https:\/\/api.w.org\/{rel}","templated":true}]}}