{"id":89240,"date":"2023-09-20T14:02:01","date_gmt":"2023-09-20T17:02:01","guid":{"rendered":"https:\/\/corrientesdetarde.com\/?p=89240"},"modified":"2023-09-20T14:02:13","modified_gmt":"2023-09-20T17:02:13","slug":"que-revelo-la-autopsia-al-cuerpo-de-silvina-luna-los-detalles-del-informe-preliminar","status":"publish","type":"post","link":"https:\/\/corrientesdetarde.com\/index.php\/espectaculos\/que-revelo-la-autopsia-al-cuerpo-de-silvina-luna-los-detalles-del-informe-preliminar\/","title":{"rendered":"Qu\u00e9 revel\u00f3 la autopsia al cuerpo de Silvina Luna: los detalles del informe preliminar"},"content":{"rendered":"\n<p>La modelo muri\u00f3 el pasado 31 de agosto en el Hospital Italiano.<\/p>\n\n\n\n<p>Este mi\u00e9rcoles se conoci\u00f3 el informe preliminar de la autopsia a\u00a0Silvina Luna, quien muri\u00f3 el pasado 31 de agosto. Seg\u00fan se supo,<strong>\u00a0los resultados no lograron establecer las causas de la muerte<\/strong>\u00a0y se esperan los estudios complementarios.<\/p>\n\n\n\n<p>Tal como inform\u00f3 le periodista de\u00a0Sergio Farella, se\u00a0<strong>encontraron \u201cn\u00f3dulos\u201d\u00a0<\/strong>y queda por saber si se trata del metacrilato producto de la cirug\u00eda de An\u00edbal Lotocki \u201cSe resalta el\u00a0<strong>tama\u00f1o\u00a0<\/strong>y el lugar donde fueron hallados,\u00a0<strong>en los gl\u00fateos<\/strong>\u201d, explic\u00f3.<\/p>\n\n\n\n<p>Sin embargo, este material no es tomado como causal de la muerte. Por eso, por el momento, solicitaron los<strong>&nbsp;\u201cestudios complementarios<\/strong>&nbsp;<strong>histopatol\u00f3gicos y toxicol\u00f3gicos\u201d&nbsp;<\/strong>del cuerpo de Silvina Luna.<\/p>\n\n\n\n<figure class=\"wp-block-image\"><img decoding=\"async\" src=\"https:\/\/tn.com.ar\/resizer\/jBWYRcF-5ADnIweehNvUOYUa8OU=\/767x0\/smart\/filters:format(webp)\/thumbs.vodgc.net\/1-14-3gukUk1695227077773-1695227247.jpg\" alt=\"Video Placeholder\"\/><\/figure>\n\n\n\n<p>Sergio Farella detall\u00f3 que el informe del Cuerpo M\u00e9dico Forense a\u00fan no puede establecer la causa de la muerte de Silvina Luna. (Foto: Instagram\/Captura eltrece)<\/p>\n\n\n\n<p>\u201c<strong>La Justicia est\u00e1 buscando el nexo causal<\/strong>. Si la muerte de Silvina es consecuencia de aquella intervenci\u00f3n que a\u00f1os atr\u00e1s le hizo An\u00edbal Lotocki\u201d, explic\u00f3 Farella al aire de<em>&nbsp;Nuestra Tarde&nbsp;<\/em>(TN). \u201cEsto va a terminar en una<strong>&nbsp;ampliaci\u00f3n de informe por parte del cuerpo m\u00e9dico<\/strong>, y luego en una junta m\u00e9dica con profesionales de diferentes especialidades para tratar de establecerlo. No es un camino a corto plazo, lleva tiempo\u201d, sum\u00f3.<\/p>\n\n\n\n<p>Luego, se\u00f1al\u00f3: \u201cHay pedidos de detenci\u00f3n, los cuales algunos fueron rechazados. Todo parece indicar que esto dar\u00e1 para rato.&nbsp;<strong>La investigaci\u00f3n ya est\u00e1 en marcha<\/strong>, y esta fue la opini\u00f3n preliminar de los profesionales del cuerpo m\u00e9dico,<strong>&nbsp;pero queda mucho camino por delante<\/strong>\u201d.<\/p>\n\n\n\n<h2 class=\"wp-block-heading\">La Justicia rechaz\u00f3 el pedido de detenci\u00f3n de An\u00edbal Lotocki<\/h2>\n\n\n\n<p><strong>Este martes, la Justicia rechaz\u00f3 pedido de detenci\u00f3n de An\u00edbal Lotocki<\/strong>. Hace una semana, el artista uruguayo Raphael Dufourt\u00a0hab\u00eda denunciado al m\u00e9dico por  tentativa de homicidio y solicit\u00f3 su inmediata aprehensi\u00f3n. Su pedido fue apoyado por el\u00a0Fiscal Lucio Herrera.<\/p>\n\n\n\n<p>Tras la muerte de Silvina Luna, el m\u00e9dico qued\u00f3 en el ojo de la tormenta. Es que a partir de lo ocurrido con la modelo rosarina de 43 a\u00f1os, comenzaron a salir a la luz<strong>&nbsp;m\u00e1s denuncias de mala praxis en su contra<\/strong>. Uno de ellos fue el caso de Dufort, quien se oper\u00f3 con el m\u00e9dico en 2008 y sufre las consecuencias.<\/p>\n\n\n\n<figure class=\"wp-block-image\"><img decoding=\"async\" src=\"https:\/\/tn.com.ar\/resizer\/eXRa9Ukdq_pz3oXZoeQ4Hkd-Hgc=\/767x0\/smart\/filters:format(webp)\/cloudfront-us-east-1.images.arcpublishing.com\/artear\/YTQI4N4MPZEI3GHT5LWHO4GR4Y.jpg\" alt=\"La Justicia rechaz\u00f3 el pedido de detenci\u00f3n de An\u00edbal Lotocki (Foto: Captura eltrece)\n\"\/><\/figure>\n\n\n\n<p>\u201cEn atenci\u00f3n a la medida cautelar solicitada por el Sr. Fiscal Lucio Herrera y por el querellante, corresponde se\u00f1alar que la gravedad de la denuncia y&nbsp;<strong>las imputaciones efectuadas exigen ser sumamente riguroso&nbsp;<\/strong>en la recolecci\u00f3n y evaluaci\u00f3n de la prueba, antes de tomar la grav\u00edsima determinaci\u00f3n de disponer una detenci\u00f3n\u201d, se\u00f1ala el Juez Edmundo Rabbione.<\/p>\n\n\n\n<p>Tras remarcar que \u201cla libertad del imputado,&nbsp;<strong>en nada interfiere para la libre obtenci\u00f3n de las importantes pruebas&nbsp;<\/strong>que restan recolectar\u201d y que Lotocki&nbsp;<strong>\u201csiempre ha estado a derecho\u201d<\/strong>, sostiene que no hay \u201criesgo procesal que implique ordenar el encarcelamiento preventivo\u201d y determina que&nbsp;<strong>no har\u00e1 lugar a las solicitudes.<\/strong><\/p>\n","protected":false},"excerpt":{"rendered":"<p>La modelo muri\u00f3 el pasado 31 de agosto en el Hospital Italiano. Este mi\u00e9rcoles se conoci\u00f3 el informe preliminar de la autopsia a\u00a0Silvina Luna, quien muri\u00f3 el pasado 31 de&hellip; <\/p>\n","protected":false},"author":8,"featured_media":89242,"comment_status":"closed","ping_status":"open","sticky":false,"template":"","format":"standard","meta":{"footnotes":""},"categories":[19],"tags":[],"class_list":["post-89240","post","type-post","status-publish","format-standard","has-post-thumbnail","hentry","category-espectaculos"],"_links":{"self":[{"href":"https:\/\/corrientesdetarde.com\/index.php\/wp-json\/wp\/v2\/posts\/89240","targetHints":{"allow":["GET"]}}],"collection":[{"href":"https:\/\/corrientesdetarde.com\/index.php\/wp-json\/wp\/v2\/posts"}],"about":[{"href":"https:\/\/corrientesdetarde.com\/index.php\/wp-json\/wp\/v2\/types\/post"}],"author":[{"embeddable":true,"href":"https:\/\/corrientesdetarde.com\/index.php\/wp-json\/wp\/v2\/users\/8"}],"replies":[{"embeddable":true,"href":"https:\/\/corrientesdetarde.com\/index.php\/wp-json\/wp\/v2\/comments?post=89240"}],"version-history":[{"count":1,"href":"https:\/\/corrientesdetarde.com\/index.php\/wp-json\/wp\/v2\/posts\/89240\/revisions"}],"predecessor-version":[{"id":89243,"href":"https:\/\/corrientesdetarde.com\/index.php\/wp-json\/wp\/v2\/posts\/89240\/revisions\/89243"}],"wp:featuredmedia":[{"embeddable":true,"href":"https:\/\/corrientesdetarde.com\/index.php\/wp-json\/wp\/v2\/media\/89242"}],"wp:attachment":[{"href":"https:\/\/corrientesdetarde.com\/index.php\/wp-json\/wp\/v2\/media?parent=89240"}],"wp:term":[{"taxonomy":"category","embeddable":true,"href":"https:\/\/corrientesdetarde.com\/index.php\/wp-json\/wp\/v2\/categories?post=89240"},{"taxonomy":"post_tag","embeddable":true,"href":"https:\/\/corrientesdetarde.com\/index.php\/wp-json\/wp\/v2\/tags?post=89240"}],"curies":[{"name":"wp","href":"https:\/\/api.w.org\/{rel}","templated":true}]}}