{"id":89244,"date":"2023-09-20T14:05:48","date_gmt":"2023-09-20T17:05:48","guid":{"rendered":"https:\/\/corrientesdetarde.com\/?p=89244"},"modified":"2023-09-20T14:05:55","modified_gmt":"2023-09-20T17:05:55","slug":"escandalo-en-el-clasico-de-reserva-rosario-central-no-se-presento-y-newells-salio-a-la-cancha-a-festejar","status":"publish","type":"post","link":"https:\/\/corrientesdetarde.com\/index.php\/deportes\/escandalo-en-el-clasico-de-reserva-rosario-central-no-se-presento-y-newells-salio-a-la-cancha-a-festejar\/","title":{"rendered":"Esc\u00e1ndalo en el cl\u00e1sico de Reserva: Rosario Central no se present\u00f3 y Newell\u2019s sali\u00f3 a la cancha a festejar"},"content":{"rendered":"\n<p>El partido ten\u00eda que disputarse este mi\u00e9rcoles a las 11 en el Coloso, pero el Canalla decidi\u00f3 no jugar por la presencia de p\u00fablico local. \u201cDebido a la falta de equipo visitante\u201d, respondieron desde la Lepra.<\/p>\n\n\n\n<p>El cl\u00e1sico de Reserva entre Newell\u00b4s y Rosario Central hab\u00eda convocado a cientos de personas, pero\u00a0<strong>finalmente no se jug\u00f3<\/strong>. El partido, que deb\u00eda disputarse desde las 11 en el estadio Coloso Marcelo Bielsa, no se concret\u00f3 debido a que el plantel del Canalla\u00a0<strong>decidi\u00f3 no presentarse.<\/strong><\/p>\n\n\n\n<p>Newell\u2019s hab\u00eda acordado que el cl\u00e1sico rosarino se iba a jugar con p\u00fablico local en una de las plateas del estadio. Sin embargo, desde Central aseguraron que<strong>&nbsp;no estaban al tanto&nbsp;<\/strong>de que era abierto para m\u00e1s de 5 mil simpatizantes de la Lepra, y entonces&nbsp;<strong>no ingresaron al estadio por \u201cfalta de garant\u00edas\u201d<\/strong>.<\/p>\n\n\n\n<p>A la hora del partido, los jugadores de Newell\u2019s se cambiaron, salieron al campo de juego, saludaron al p\u00fablico y<strong>&nbsp;comenzaron a celebrar un supuesto triunfo<\/strong>. El plantel de Central ya estaba de regreso en su predio.<\/p>\n\n\n\n<p>Sin embargo, desde la Liga Profesional fueron muy claros: \u201cEl partido entre Newell\u2019s y Rosario Central, por la Fecha 7 de la Copa Proyecci\u00f3n,&nbsp;<strong>fue suspendido<\/strong>. La LPF est\u00e1&nbsp;<strong>trabajando en la reprogramaci\u00f3n del mismo<\/strong>\u201d.<\/p>\n\n\n\n<h2 class=\"wp-block-heading\">Comunicado de Rosario Central: \u201cNo cuenta con garant\u00edas\u201d<\/h2>\n\n\n\n<p>\u201cNo hubo reuni\u00f3n entre las partes para garantizar la seguridad que corresponde a un partido en el que se decidi\u00f3, en<strong>&nbsp;forma unilateral<\/strong>, la presencia de 5 mil hinchas locales\u201d, inform\u00f3 Central a trav\u00e9s de un comunicado.<\/p>\n\n\n\n<figure class=\"wp-block-image\"><img decoding=\"async\" src=\"https:\/\/tn.com.ar\/resizer\/4ALz10CMXuN_-U5KaFS2pi7fxY4=\/767x0\/smart\/filters:format(webp)\/thumbs.vodgc.net\/1-398-Te3v0g1695221641113_1080P.jpg\" alt=\"Video Placeholder\"\/><\/figure>\n\n\n\n<p>\u201cDe esta manera, Rosario Central<strong>&nbsp;no cuenta con garant\u00edas<\/strong>&nbsp;para quienes acompa\u00f1en a la delegaci\u00f3n, y para el propio plantel, en cuanto al ingreso, permanencia y egreso del lugar de disputa del encuentro Cl\u00e1sico\u201d, agregaron desde el Canalla sobre los motivos por los que no se presentaron.<\/p>\n\n\n\n<p>\u201cRosario Central va a jugar el Cl\u00e1sico del Torneo Proyecci\u00f3n cuando&nbsp;<strong>est\u00e9n dadas las condiciones de seguridad<\/strong>&nbsp;para cuidar como corresponde a los equipos, las instituciones y al propio Cl\u00e1sico rosarino, realizando un trabajo en conjunto entre las instituciones c\u00f3mo se ven\u00eda llevando a cabo hasta ahora, respetando a los clubes y a su gente\u201d, cerraron.<\/p>\n\n\n\n<h2 class=\"wp-block-heading\">Respuesta de Newell\u2019s: \u201cDebido a la falta de equipo visitante&#8230;\u201d<\/h2>\n\n\n\n<p>\u201cDebido a la&nbsp;<strong>falta de equipo visitante<\/strong>, la terna arbitral se vio obligada a suspender el partido. Las condiciones fueron establecidas por la Liga y los organismos de seguridad competentes. A pesar de que el operativo se estaba desarrollando de manera normal y habitual,&nbsp;<strong>Central tom\u00f3 la decisi\u00f3n unilateral de no venir a disputar el encuentro<\/strong>\u201d, publicaron desde las redes sociales de Newell\u2019s.<\/p>\n\n\n\n<figure class=\"wp-block-image\"><img decoding=\"async\" src=\"https:\/\/tn.com.ar\/resizer\/UbTTR7Myw03Xrqf8G98zhu1wMy0=\/767x0\/smart\/filters:format(webp)\/cloudfront-us-east-1.images.arcpublishing.com\/artear\/7ZXUQKLWMNDALBSDRPUHNGKTMA.JPG\" alt=\"El comunicado de Newell's en sus redes sociales (Foto: Instagram).\"\/><\/figure>\n","protected":false},"excerpt":{"rendered":"<p>El partido ten\u00eda que disputarse este mi\u00e9rcoles a las 11 en el Coloso, pero el Canalla decidi\u00f3 no jugar por la presencia de p\u00fablico local. \u201cDebido a la falta de&hellip; <\/p>\n","protected":false},"author":8,"featured_media":89245,"comment_status":"closed","ping_status":"open","sticky":false,"template":"","format":"standard","meta":{"footnotes":""},"categories":[4],"tags":[],"class_list":["post-89244","post","type-post","status-publish","format-standard","has-post-thumbnail","hentry","category-deportes"],"_links":{"self":[{"href":"https:\/\/corrientesdetarde.com\/index.php\/wp-json\/wp\/v2\/posts\/89244","targetHints":{"allow":["GET"]}}],"collection":[{"href":"https:\/\/corrientesdetarde.com\/index.php\/wp-json\/wp\/v2\/posts"}],"about":[{"href":"https:\/\/corrientesdetarde.com\/index.php\/wp-json\/wp\/v2\/types\/post"}],"author":[{"embeddable":true,"href":"https:\/\/corrientesdetarde.com\/index.php\/wp-json\/wp\/v2\/users\/8"}],"replies":[{"embeddable":true,"href":"https:\/\/corrientesdetarde.com\/index.php\/wp-json\/wp\/v2\/comments?post=89244"}],"version-history":[{"count":1,"href":"https:\/\/corrientesdetarde.com\/index.php\/wp-json\/wp\/v2\/posts\/89244\/revisions"}],"predecessor-version":[{"id":89246,"href":"https:\/\/corrientesdetarde.com\/index.php\/wp-json\/wp\/v2\/posts\/89244\/revisions\/89246"}],"wp:featuredmedia":[{"embeddable":true,"href":"https:\/\/corrientesdetarde.com\/index.php\/wp-json\/wp\/v2\/media\/89245"}],"wp:attachment":[{"href":"https:\/\/corrientesdetarde.com\/index.php\/wp-json\/wp\/v2\/media?parent=89244"}],"wp:term":[{"taxonomy":"category","embeddable":true,"href":"https:\/\/corrientesdetarde.com\/index.php\/wp-json\/wp\/v2\/categories?post=89244"},{"taxonomy":"post_tag","embeddable":true,"href":"https:\/\/corrientesdetarde.com\/index.php\/wp-json\/wp\/v2\/tags?post=89244"}],"curies":[{"name":"wp","href":"https:\/\/api.w.org\/{rel}","templated":true}]}}