{"id":89252,"date":"2023-09-20T14:42:25","date_gmt":"2023-09-20T17:42:25","guid":{"rendered":"https:\/\/corrientesdetarde.com\/?p=89252"},"modified":"2023-09-20T14:42:37","modified_gmt":"2023-09-20T17:42:37","slug":"salud-y-la-facultad-de-odontologia-renovaron-convenio-de-cooperacion-interinstitucional","status":"publish","type":"post","link":"https:\/\/corrientesdetarde.com\/index.php\/bienestar-y-salud\/salud-y-la-facultad-de-odontologia-renovaron-convenio-de-cooperacion-interinstitucional\/","title":{"rendered":"Salud y la facultad de Odontolog\u00eda renovaron convenio de cooperaci\u00f3n interinstitucional"},"content":{"rendered":"\n<p><em>Se trata de un acuerdo marco mediante el cual se reglamentan las rotaciones que los especialistas en formaci\u00f3n de la casa de estudios realizan en los hospitales p\u00fablicos.<\/em><\/p>\n\n\n\n<p>El ministro de Salud P\u00fablica de la Provincia, Ricardo Cardozo, firm\u00f3 hoy un convenio con la decana de la Facultad de Odontolog\u00eda de la Universidad Nacional del Nordeste (UNNE), Beatriz Cardozo, mediante el cual se reglamentan las rotaciones que los alumnos de la especialidad de Cirug\u00eda y Traumatolog\u00eda Bucom\u00e1xilofacial realizan en los hospitales p\u00fablicos, en el marco de su proceso de formaci\u00f3n.<\/p>\n\n\n\n<p>\u201cFirmamos un convenio que tiene que ver con la modalidad de las rotaciones que tienen sus alumnos en formaci\u00f3n en los hospitales del Ministerio de Salud P\u00fablica, ya que eso debe estar bien reglamentado y determinado de c\u00f3mo deben hacerse\u201d, dijo el ministro&nbsp;Ricardo Cardozo.<\/p>\n\n\n\n<p>Explic\u00f3 que desde la facultad, por su parte, \u201cse comprometieron a ayudarnos con becas y nosotros con la formaci\u00f3n a trav\u00e9s de esas rotaciones. Adem\u00e1s, hay un compromiso de empezar a trabajar juntos con las residencias de Odontolog\u00eda, as\u00ed que tenemos todo un panorama de trabajo mancomunado y de colaboraci\u00f3n por delante\u201d.<\/p>\n\n\n\n<p>El ministro remarc\u00f3 que \u201cesta articulaci\u00f3n es muy importante ya que estamos absolutamente relacionados y el hecho de poder trabajar juntos potencia nuestras acciones y es la manera en que nuestro gobernador Gustavo Vald\u00e9s nos indica que tenemos que trabajar\u201d.<\/p>\n\n\n\n<p>Por su parte, y el director de Odontolog\u00eda del Ministerio de Salud P\u00fablica,&nbsp;Sebasti\u00e1n Mar\u00edn, dijo: \u201cEsto es un acuerdo de trabajo para la continuidad de la carrera, de la especialidad de cirug\u00eda y traumatolog\u00eda bucom\u00e1xilofacial, que van a desarrollar en rotaci\u00f3n los alumnos cursantes de tal especialidad por los hospitales Juan Pablo II y J.R. Vidal\u201d.<\/p>\n\n\n\n<p>\u201cEsto ya se viene haciendo, pero se trata de una nueva restructuraci\u00f3n &nbsp;de lo que es el cursado de la carrera\u201d, agreg\u00f3.<\/p>\n\n\n\n<p>Por la UNNE, tambi\u00e9n estuvieron presentes: F\u00e9lix Delgado, responsable del \u00c1rea de Vinculaci\u00f3n de la Facultad de Odontolog\u00eda; y la profesora Nilda M. del R. \u00c1lvarez; y, por Salud P\u00fablica, la subsecretaria de Gesti\u00f3n Sanitaria, Silvina Vega Bajo y la Asesora Legal del Ministerio, Candelaria Campias.<\/p>\n\n\n\n<figure class=\"wp-block-image size-large\"><img loading=\"lazy\" decoding=\"async\" width=\"1024\" height=\"768\" src=\"https:\/\/corrientesdetarde.com\/wp-content\/uploads\/2023\/09\/image-521-1024x768.png\" alt=\"\" class=\"wp-image-89253\" srcset=\"https:\/\/corrientesdetarde.com\/wp-content\/uploads\/2023\/09\/image-521-1024x768.png 1024w, https:\/\/corrientesdetarde.com\/wp-content\/uploads\/2023\/09\/image-521-300x225.png 300w, https:\/\/corrientesdetarde.com\/wp-content\/uploads\/2023\/09\/image-521-768x576.png 768w, https:\/\/corrientesdetarde.com\/wp-content\/uploads\/2023\/09\/image-521.png 1280w\" sizes=\"auto, (max-width: 1024px) 100vw, 1024px\" \/><\/figure>\n\n\n\n<figure class=\"wp-block-image size-large\"><img loading=\"lazy\" decoding=\"async\" width=\"1024\" height=\"768\" src=\"https:\/\/corrientesdetarde.com\/wp-content\/uploads\/2023\/09\/image-522-1024x768.png\" alt=\"\" class=\"wp-image-89254\" srcset=\"https:\/\/corrientesdetarde.com\/wp-content\/uploads\/2023\/09\/image-522-1024x768.png 1024w, https:\/\/corrientesdetarde.com\/wp-content\/uploads\/2023\/09\/image-522-300x225.png 300w, https:\/\/corrientesdetarde.com\/wp-content\/uploads\/2023\/09\/image-522-768x576.png 768w, https:\/\/corrientesdetarde.com\/wp-content\/uploads\/2023\/09\/image-522.png 1280w\" sizes=\"auto, (max-width: 1024px) 100vw, 1024px\" \/><\/figure>\n","protected":false},"excerpt":{"rendered":"<p>Se trata de un acuerdo marco mediante el cual se reglamentan las rotaciones que los especialistas en formaci\u00f3n de la casa de estudios realizan en los hospitales p\u00fablicos. El ministro&hellip; <\/p>\n","protected":false},"author":8,"featured_media":89255,"comment_status":"closed","ping_status":"open","sticky":false,"template":"","format":"standard","meta":{"footnotes":""},"categories":[16],"tags":[],"class_list":["post-89252","post","type-post","status-publish","format-standard","has-post-thumbnail","hentry","category-bienestar-y-salud"],"_links":{"self":[{"href":"https:\/\/corrientesdetarde.com\/index.php\/wp-json\/wp\/v2\/posts\/89252","targetHints":{"allow":["GET"]}}],"collection":[{"href":"https:\/\/corrientesdetarde.com\/index.php\/wp-json\/wp\/v2\/posts"}],"about":[{"href":"https:\/\/corrientesdetarde.com\/index.php\/wp-json\/wp\/v2\/types\/post"}],"author":[{"embeddable":true,"href":"https:\/\/corrientesdetarde.com\/index.php\/wp-json\/wp\/v2\/users\/8"}],"replies":[{"embeddable":true,"href":"https:\/\/corrientesdetarde.com\/index.php\/wp-json\/wp\/v2\/comments?post=89252"}],"version-history":[{"count":1,"href":"https:\/\/corrientesdetarde.com\/index.php\/wp-json\/wp\/v2\/posts\/89252\/revisions"}],"predecessor-version":[{"id":89256,"href":"https:\/\/corrientesdetarde.com\/index.php\/wp-json\/wp\/v2\/posts\/89252\/revisions\/89256"}],"wp:featuredmedia":[{"embeddable":true,"href":"https:\/\/corrientesdetarde.com\/index.php\/wp-json\/wp\/v2\/media\/89255"}],"wp:attachment":[{"href":"https:\/\/corrientesdetarde.com\/index.php\/wp-json\/wp\/v2\/media?parent=89252"}],"wp:term":[{"taxonomy":"category","embeddable":true,"href":"https:\/\/corrientesdetarde.com\/index.php\/wp-json\/wp\/v2\/categories?post=89252"},{"taxonomy":"post_tag","embeddable":true,"href":"https:\/\/corrientesdetarde.com\/index.php\/wp-json\/wp\/v2\/tags?post=89252"}],"curies":[{"name":"wp","href":"https:\/\/api.w.org\/{rel}","templated":true}]}}