{"id":89290,"date":"2023-09-20T16:15:53","date_gmt":"2023-09-20T19:15:53","guid":{"rendered":"https:\/\/corrientesdetarde.com\/?p=89290"},"modified":"2023-09-20T16:16:00","modified_gmt":"2023-09-20T19:16:00","slug":"reunion-de-seguridad-vecinal-en-el-barrio-canal-13","status":"publish","type":"post","link":"https:\/\/corrientesdetarde.com\/index.php\/sociales\/reunion-de-seguridad-vecinal-en-el-barrio-canal-13\/","title":{"rendered":"Reuni\u00f3n de Seguridad Vecinal en el Barrio Canal 13"},"content":{"rendered":"\n<p><em>La Subsecretar\u00eda de Seguridad Ciudadana realiz\u00f3 su actividad en representaci\u00f3n del Ministerio de Seguridad.<\/em><\/p>\n\n\n\n<p>En horas de la tarde del martes 19 de septiembre, se llev\u00f3 a cabo la reuni\u00f3n de Seguridad Vecinal en el B\u00b0 Canal 13, contando con la concurrencia de vecinos y comerciantes de la zona.&nbsp;<\/p>\n\n\n\n<p>El encuentro fue encabezado por el subsecretario de Seguridad Ciudadana, Dr Oscar Mart\u00ednez, quien explic\u00f3 el funcionamiento de la &nbsp;app Vecinos Seguros, el cual permite un r\u00e1pido accionar del 911 ante el pedido de auxilio.&nbsp;<\/p>\n\n\n\n<p>Por otro lado, el funcionario provincial estuvo acompa\u00f1ado por el subsecretario de&nbsp;<br>Acci\u00f3n Territorial Julio Bartra, el Comisario Mayor Cano, y el equipo de Polic\u00eda Comunitaria.<\/p>\n","protected":false},"excerpt":{"rendered":"<p>La Subsecretar\u00eda de Seguridad Ciudadana realiz\u00f3 su actividad en representaci\u00f3n del Ministerio de Seguridad. En horas de la tarde del martes 19 de septiembre, se llev\u00f3 a cabo la reuni\u00f3n&hellip; <\/p>\n","protected":false},"author":8,"featured_media":89291,"comment_status":"closed","ping_status":"open","sticky":false,"template":"","format":"standard","meta":{"footnotes":""},"categories":[17],"tags":[],"class_list":["post-89290","post","type-post","status-publish","format-standard","has-post-thumbnail","hentry","category-sociales"],"_links":{"self":[{"href":"https:\/\/corrientesdetarde.com\/index.php\/wp-json\/wp\/v2\/posts\/89290","targetHints":{"allow":["GET"]}}],"collection":[{"href":"https:\/\/corrientesdetarde.com\/index.php\/wp-json\/wp\/v2\/posts"}],"about":[{"href":"https:\/\/corrientesdetarde.com\/index.php\/wp-json\/wp\/v2\/types\/post"}],"author":[{"embeddable":true,"href":"https:\/\/corrientesdetarde.com\/index.php\/wp-json\/wp\/v2\/users\/8"}],"replies":[{"embeddable":true,"href":"https:\/\/corrientesdetarde.com\/index.php\/wp-json\/wp\/v2\/comments?post=89290"}],"version-history":[{"count":1,"href":"https:\/\/corrientesdetarde.com\/index.php\/wp-json\/wp\/v2\/posts\/89290\/revisions"}],"predecessor-version":[{"id":89293,"href":"https:\/\/corrientesdetarde.com\/index.php\/wp-json\/wp\/v2\/posts\/89290\/revisions\/89293"}],"wp:featuredmedia":[{"embeddable":true,"href":"https:\/\/corrientesdetarde.com\/index.php\/wp-json\/wp\/v2\/media\/89291"}],"wp:attachment":[{"href":"https:\/\/corrientesdetarde.com\/index.php\/wp-json\/wp\/v2\/media?parent=89290"}],"wp:term":[{"taxonomy":"category","embeddable":true,"href":"https:\/\/corrientesdetarde.com\/index.php\/wp-json\/wp\/v2\/categories?post=89290"},{"taxonomy":"post_tag","embeddable":true,"href":"https:\/\/corrientesdetarde.com\/index.php\/wp-json\/wp\/v2\/tags?post=89290"}],"curies":[{"name":"wp","href":"https:\/\/api.w.org\/{rel}","templated":true}]}}