{"id":89304,"date":"2023-09-20T16:22:46","date_gmt":"2023-09-20T19:22:46","guid":{"rendered":"https:\/\/corrientesdetarde.com\/?p=89304"},"modified":"2023-09-20T16:22:59","modified_gmt":"2023-09-20T19:22:59","slug":"en-el-segundo-trimestre-del-ano-el-desempleo-fue-del-62-y-afecto-a-casi-14-millones-de-personas","status":"publish","type":"post","link":"https:\/\/corrientesdetarde.com\/index.php\/economia\/en-el-segundo-trimestre-del-ano-el-desempleo-fue-del-62-y-afecto-a-casi-14-millones-de-personas\/","title":{"rendered":"En el segundo trimestre del a\u00f1o, el desempleo fue del 6,2% y afect\u00f3 a casi 1,4 millones de personas"},"content":{"rendered":"\n<p>As\u00ed lo difundi\u00f3 el INDEC. Esta cifra representa una desaceleraci\u00f3n en relaci\u00f3n con los datos del primer trimestre, donde fue de 6,9%.<\/p>\n\n\n\n<p>El&nbsp;<strong>desempleo lleg\u00f3 al 6,2% en el segundo trimestre&nbsp;<\/strong>de este a\u00f1o, seg\u00fan inform\u00f3 este jueves el Instituto Nacional de Estad\u00edsticas y Censo&nbsp;<strong>(INDEC)<\/strong>. A partir de las cifras se desprende que casi 1,4 millones de personas sufrieron la falta de trabajo durante ese per\u00edodo.<\/p>\n\n\n\n<p>Esta cifra -que afecta a 1,38 millones de personas- representa una desaceleraci\u00f3n en relaci\u00f3n con los datos del primer trimestre, donde fue de 6,9%.<\/p>\n","protected":false},"excerpt":{"rendered":"<p>As\u00ed lo difundi\u00f3 el INDEC. Esta cifra representa una desaceleraci\u00f3n en relaci\u00f3n con los datos del primer trimestre, donde fue de 6,9%. El&nbsp;desempleo lleg\u00f3 al 6,2% en el segundo trimestre&nbsp;de&hellip; <\/p>\n","protected":false},"author":8,"featured_media":89305,"comment_status":"closed","ping_status":"open","sticky":false,"template":"","format":"standard","meta":{"footnotes":""},"categories":[20],"tags":[],"class_list":["post-89304","post","type-post","status-publish","format-standard","has-post-thumbnail","hentry","category-economia"],"_links":{"self":[{"href":"https:\/\/corrientesdetarde.com\/index.php\/wp-json\/wp\/v2\/posts\/89304","targetHints":{"allow":["GET"]}}],"collection":[{"href":"https:\/\/corrientesdetarde.com\/index.php\/wp-json\/wp\/v2\/posts"}],"about":[{"href":"https:\/\/corrientesdetarde.com\/index.php\/wp-json\/wp\/v2\/types\/post"}],"author":[{"embeddable":true,"href":"https:\/\/corrientesdetarde.com\/index.php\/wp-json\/wp\/v2\/users\/8"}],"replies":[{"embeddable":true,"href":"https:\/\/corrientesdetarde.com\/index.php\/wp-json\/wp\/v2\/comments?post=89304"}],"version-history":[{"count":1,"href":"https:\/\/corrientesdetarde.com\/index.php\/wp-json\/wp\/v2\/posts\/89304\/revisions"}],"predecessor-version":[{"id":89306,"href":"https:\/\/corrientesdetarde.com\/index.php\/wp-json\/wp\/v2\/posts\/89304\/revisions\/89306"}],"wp:featuredmedia":[{"embeddable":true,"href":"https:\/\/corrientesdetarde.com\/index.php\/wp-json\/wp\/v2\/media\/89305"}],"wp:attachment":[{"href":"https:\/\/corrientesdetarde.com\/index.php\/wp-json\/wp\/v2\/media?parent=89304"}],"wp:term":[{"taxonomy":"category","embeddable":true,"href":"https:\/\/corrientesdetarde.com\/index.php\/wp-json\/wp\/v2\/categories?post=89304"},{"taxonomy":"post_tag","embeddable":true,"href":"https:\/\/corrientesdetarde.com\/index.php\/wp-json\/wp\/v2\/tags?post=89304"}],"curies":[{"name":"wp","href":"https:\/\/api.w.org\/{rel}","templated":true}]}}