{"id":89307,"date":"2023-09-20T16:25:54","date_gmt":"2023-09-20T19:25:54","guid":{"rendered":"https:\/\/corrientesdetarde.com\/?p=89307"},"modified":"2023-09-20T16:26:06","modified_gmt":"2023-09-20T19:26:06","slug":"sergio-massa-no-asistira-al-acto-en-el-que-cristina-kirchner-atacara-a-milei-y-la-justicia","status":"publish","type":"post","link":"https:\/\/corrientesdetarde.com\/index.php\/politica\/sergio-massa-no-asistira-al-acto-en-el-que-cristina-kirchner-atacara-a-milei-y-la-justicia\/","title":{"rendered":"Sergio Massa no asistir\u00e1 al acto en el que Cristina Kirchner atacar\u00e1 a Milei y la Justicia"},"content":{"rendered":"\n<p>El ministro candidato iniciar\u00e1 una gira el viernes por Santiago del Estero y Salta, y regresar\u00e1 a Buenos Aires reci\u00e9n el lunes. Los \u201cbeneficios\u201d de su ausencia en la presentaci\u00f3n de la Vice en el tramo final de la campa\u00f1a.<\/p>\n\n\n\n<p><a href=\"https:\/\/tn.com.ar\/autor\/Fernanda+Alonso\/\"><\/a>\u201cSergio no va a poder ir. Va a estar\u00a0<strong>afuera de Buenos Aires\u00a0<\/strong>todo el fin de semana\u201d.\u00a0El argumento en el comando de campa\u00f1a de calle Mitre parece tener \u201cpatas cortas\u201d en la elongada campa\u00f1a que exhala el ministro candidato. \u201cVa a estar en Santiago del Estero y en Salta\u201d, insisten cerca de Massa para dar como \u201cimposible\u201d que pueda acompa\u00f1ar a\u00a0<strong>Cristina Kirchner<\/strong>\u00a0en la reaparici\u00f3n, el s\u00e1bado, para la presentaci\u00f3n de la reedici\u00f3n del libro \u201cDespu\u00e9s del derrumbe. Conversaciones de Torcuato Di Tella y N\u00e9stor Kirchner\u201d.<\/p>\n\n\n\n<p>El evento\u00a0<strong>ser\u00e1 a las 20<\/strong>\u00a0en la UMET, rodeada de los principales dirigentes del Kirchnerismo\u00a0que s\u00ed estar\u00e1n presentes en el auditorio ubicado en el centro de CABA, como abrazo simb\u00f3lico despu\u00e9s del rev\u00e9s judicial con la reapertura de las causas Hotesur e Ir\u00e1n.<\/p>\n\n\n\n<p><strong>\u201cDe castas, herencias, derrumbes y futuro\u201d&nbsp;<\/strong>es el t\u00edtulo de la charla que brindar\u00e1 la Vicepresidenta despu\u00e9s de permanecer dos meses en silencio. El 17 de julio hab\u00eda encabezado un acto de Aerol\u00edneas Argentinas con Massa en la&nbsp;<strong>ic\u00f3nica foto del avi\u00f3n<\/strong>. \u00c9l como piloto y ella como copilota.<\/p>\n\n\n\n<figure class=\"wp-block-image is-resized\"><img loading=\"lazy\" decoding=\"async\" src=\"https:\/\/tn.com.ar\/resizer\/dygH0cOT07kXXOU1eQQiIYj39bE=\/767x0\/smart\/filters:format(webp)\/cloudfront-us-east-1.images.arcpublishing.com\/artear\/42CVX3JSNRAILNSZOVHBLPBKFI.jpg\" alt=\"(Foto: AP)\" width=\"767\" height=\"430\"\/><\/figure>\n\n\n\n<p>El s\u00e1bado, junto a CFK, estar\u00e1&nbsp;<strong>Pedro Rosemblat<\/strong>, del streaming de Gelatina, que divierte a los pol\u00edticos con la F\u00e1brica de Jingles, sobre todo a&nbsp;<strong>Javier Milei<\/strong>. Cristina ya lo hizo. En 2001, en un acto con estudiantes, hab\u00eda usado de ejemplo a \u201cElegant\u201d (por L-Gante) para congraciarse con los j\u00f3venes, la franja etaria que ahora conquist\u00f3 el l\u00edder de La Libertad Avanza.<\/p>\n\n\n\n<p>Por el t\u00edtulo de la charla -\u201cDe castas, herencias, derrumbes y futuro\u201d-, se descuenta que CFK&nbsp;<strong>apuntar\u00e1 al libertario, despotricar\u00e1 contra la Justicia, la oposici\u00f3n y los medios&nbsp;<\/strong>-la \u201ctr\u00edada blanco\u201d preferida de los K- y dar\u00e1 un gui\u00f1o al candidato de Uni\u00f3n por la Patria, que por esa hora buscar\u00e1 recoger votos en el norte del pa\u00eds, donde aspirar a conseguir<strong>&nbsp;1 mill\u00f3n m\u00e1s&nbsp;<\/strong>despu\u00e9s del compromiso que les arranc\u00f3 a los gobernadores hace 10 d\u00edas en Tucum\u00e1n.<\/p>\n\n\n\n<h2 class=\"wp-block-heading\">Los \u201cbeneficios\u201d de la ausencia de Massa en el acto de Cristina Kirchner<\/h2>\n\n\n\n<p>\u00bfEl beneficio de la ausencia de Massa en el acto de CFK? \u201cLo de Cristina es as\u00ed: cuando aparece, los que la quieren, la quieren m\u00e1s. Y los que no la quieren, la quieren menos\u201d, le dice a\u00a0un peronista del conurbano.<\/p>\n\n\n\n<p>El ministro de candidato busc\u00f3 hasta el \u00faltimo d\u00eda de campa\u00f1a antes de las PASO\u00a0<strong>un gesto de la Vice\u00a0<\/strong>pero para su n\u00facleo duro. Hasta se habl\u00f3 de un video de ella para los grupos de wasap de los militantes. Otra cosa es hacia afuera, donde Massa necesita\u00a0<strong>capturar la elecci\u00f3n de sectores que no simpatizan con el kirchnerismo<\/strong>.<\/p>\n\n\n\n<p><strong>\u201cTampoco le conviene a Sergio mostrarse ahora pegado a la pelea judicial que es exclusivamente de ella\u201d<\/strong>, advierte otro dirigente del oficialismo.<\/p>\n\n\n\n<p>El ministro de Econom\u00eda busca evitar un ataque personal a Milei, sobre todo despu\u00e9s de la \u00faltima jugada en Diputados, donde logr\u00f3 meter ruido en Juntos por el Cambio y&nbsp;<strong>mostrarlo al libertario funcional al oficialismo<\/strong>.<\/p>\n\n\n\n<p>De regreso por la gira en Santiago del Estero y Salta, Massa espera que Cristina Kirchner conduzca la sesi\u00f3n en el Senado que podr\u00eda convertir en ley los cambios de Ganancias&nbsp;<strong>el jueves de la semana pr\u00f3xima<\/strong>. Ah\u00ed s\u00ed podr\u00eda conseguir la foto conjunta con CFK que espera \u00e9l, con un triunfo y agenda propia.<\/p>\n","protected":false},"excerpt":{"rendered":"<p>El ministro candidato iniciar\u00e1 una gira el viernes por Santiago del Estero y Salta, y regresar\u00e1 a Buenos Aires reci\u00e9n el lunes. Los \u201cbeneficios\u201d de su ausencia en la presentaci\u00f3n&hellip; <\/p>\n","protected":false},"author":8,"featured_media":89308,"comment_status":"closed","ping_status":"open","sticky":false,"template":"","format":"standard","meta":{"footnotes":""},"categories":[3],"tags":[],"class_list":["post-89307","post","type-post","status-publish","format-standard","has-post-thumbnail","hentry","category-politica"],"_links":{"self":[{"href":"https:\/\/corrientesdetarde.com\/index.php\/wp-json\/wp\/v2\/posts\/89307","targetHints":{"allow":["GET"]}}],"collection":[{"href":"https:\/\/corrientesdetarde.com\/index.php\/wp-json\/wp\/v2\/posts"}],"about":[{"href":"https:\/\/corrientesdetarde.com\/index.php\/wp-json\/wp\/v2\/types\/post"}],"author":[{"embeddable":true,"href":"https:\/\/corrientesdetarde.com\/index.php\/wp-json\/wp\/v2\/users\/8"}],"replies":[{"embeddable":true,"href":"https:\/\/corrientesdetarde.com\/index.php\/wp-json\/wp\/v2\/comments?post=89307"}],"version-history":[{"count":1,"href":"https:\/\/corrientesdetarde.com\/index.php\/wp-json\/wp\/v2\/posts\/89307\/revisions"}],"predecessor-version":[{"id":89309,"href":"https:\/\/corrientesdetarde.com\/index.php\/wp-json\/wp\/v2\/posts\/89307\/revisions\/89309"}],"wp:featuredmedia":[{"embeddable":true,"href":"https:\/\/corrientesdetarde.com\/index.php\/wp-json\/wp\/v2\/media\/89308"}],"wp:attachment":[{"href":"https:\/\/corrientesdetarde.com\/index.php\/wp-json\/wp\/v2\/media?parent=89307"}],"wp:term":[{"taxonomy":"category","embeddable":true,"href":"https:\/\/corrientesdetarde.com\/index.php\/wp-json\/wp\/v2\/categories?post=89307"},{"taxonomy":"post_tag","embeddable":true,"href":"https:\/\/corrientesdetarde.com\/index.php\/wp-json\/wp\/v2\/tags?post=89307"}],"curies":[{"name":"wp","href":"https:\/\/api.w.org\/{rel}","templated":true}]}}