{"id":89310,"date":"2023-09-20T16:40:23","date_gmt":"2023-09-20T19:40:23","guid":{"rendered":"https:\/\/corrientesdetarde.com\/?p=89310"},"modified":"2023-09-20T16:40:35","modified_gmt":"2023-09-20T19:40:35","slug":"la-provincia-suma-mas-cuadras-al-reasfaltado-de-calles-en-itati","status":"publish","type":"post","link":"https:\/\/corrientesdetarde.com\/index.php\/informacion-general\/la-provincia-suma-mas-cuadras-al-reasfaltado-de-calles-en-itati\/","title":{"rendered":"La Provincia suma m\u00e1s cuadras al reasfaltado de calles en Itat\u00ed &nbsp;"},"content":{"rendered":"\n<p>El Gobierno Provincial, pese a las inclemencias clim\u00e1ticas, contin\u00faa con buen ritmo&nbsp; la repavimentaci\u00f3n de calles en Itat\u00ed. Por expresas directivas del gobernador Gustavo Vald\u00e9s se dispuso incluir nuevas arterias a las originalmente proyectadas, llevando a 38 cuadras a intervenir con concreto asf\u00e1ltico en esa localidad.<\/p>\n\n\n\n<p>Estos trabajos, encuadrados dentro del plan de asistencia a municipios, &nbsp;son ejecutados por el &nbsp;Ministerio de Obras y Servicios P\u00fablicos, a trav\u00e9s de cuadrillas especializadas de Vialidad Urbana.<\/p>\n\n\n\n<p>En la actualidad&nbsp; los trabajos se suceden en tres cuadras de Castor de Le\u00f3n, dos de Belgrano, una de San Luis del Palmar y otra de Benedictinos,&nbsp; todas ubicadas en inmediaciones de la Escuela 676 y &nbsp;la Normal \u201cDr. Pedro Bonastre\u201d.<\/p>\n\n\n\n<p>Asimismo se intervendr\u00e1 en lo inmediato&nbsp; las calles Coronel Vallejos y Gamarra, entre Belgrano y Desiderio Sosa y San Luis entre Gamarra y Vallejos, al igual que la calle \u201cdel Corral\u00f3n\u201d desde Gamarra hacia el fondo y la avenida 25 de Mayo, entre Belgrano y Vallejos.<\/p>\n\n\n\n<p>En todos los casos, previamente se procede a la limpieza de la calzada, el sellado de juntas y la realizaci\u00f3n de bacheo superficial de requerir, para luego &nbsp;moldear una carpeta&nbsp; de concreto caliente de entre 5 y 8 cent\u00edmetros de espesor,&nbsp; la cual es apropiadamente compactada.<\/p>\n\n\n\n<p>Se\u00f1alizaci\u00f3n<\/p>\n\n\n\n<p>Por otra parte, estos trabajos &nbsp;son complementados&nbsp; con la demarcaci\u00f3n &nbsp;de la se\u00f1al\u00e9tica horizontal y sendas peatonales con pintura termopl\u00e1stica&nbsp; de alta, aportando m\u00e1s seguridad vial a las nuevas obras.<\/p>\n\n\n\n<p>Todos estos trabajos son ejecutados por Administraci\u00f3n, es decir con personal y maquinaria&nbsp; propia del Gobierno Provincial, acci\u00f3n que implica un sustancial abaratamiento en los costos operativos de las obras.<\/p>\n\n\n\n<figure class=\"wp-block-image size-full\"><img loading=\"lazy\" decoding=\"async\" width=\"899\" height=\"585\" src=\"https:\/\/corrientesdetarde.com\/wp-content\/uploads\/2023\/09\/image-546.png\" alt=\"\" class=\"wp-image-89311\" srcset=\"https:\/\/corrientesdetarde.com\/wp-content\/uploads\/2023\/09\/image-546.png 899w, https:\/\/corrientesdetarde.com\/wp-content\/uploads\/2023\/09\/image-546-300x195.png 300w, https:\/\/corrientesdetarde.com\/wp-content\/uploads\/2023\/09\/image-546-768x500.png 768w\" sizes=\"auto, (max-width: 899px) 100vw, 899px\" \/><\/figure>\n\n\n\n<figure class=\"wp-block-image size-full\"><img loading=\"lazy\" decoding=\"async\" width=\"800\" height=\"491\" src=\"https:\/\/corrientesdetarde.com\/wp-content\/uploads\/2023\/09\/image-547.png\" alt=\"\" class=\"wp-image-89312\" srcset=\"https:\/\/corrientesdetarde.com\/wp-content\/uploads\/2023\/09\/image-547.png 800w, https:\/\/corrientesdetarde.com\/wp-content\/uploads\/2023\/09\/image-547-300x184.png 300w, https:\/\/corrientesdetarde.com\/wp-content\/uploads\/2023\/09\/image-547-768x471.png 768w\" sizes=\"auto, (max-width: 800px) 100vw, 800px\" \/><\/figure>\n\n\n\n<figure class=\"wp-block-image size-large\"><img loading=\"lazy\" decoding=\"async\" width=\"1024\" height=\"583\" src=\"https:\/\/corrientesdetarde.com\/wp-content\/uploads\/2023\/09\/image-548-1024x583.png\" alt=\"\" class=\"wp-image-89313\" srcset=\"https:\/\/corrientesdetarde.com\/wp-content\/uploads\/2023\/09\/image-548-1024x583.png 1024w, https:\/\/corrientesdetarde.com\/wp-content\/uploads\/2023\/09\/image-548-300x171.png 300w, https:\/\/corrientesdetarde.com\/wp-content\/uploads\/2023\/09\/image-548-768x437.png 768w, https:\/\/corrientesdetarde.com\/wp-content\/uploads\/2023\/09\/image-548.png 1117w\" sizes=\"auto, (max-width: 1024px) 100vw, 1024px\" \/><\/figure>\n\n\n\n<figure class=\"wp-block-image size-full\"><img loading=\"lazy\" decoding=\"async\" width=\"764\" height=\"600\" src=\"https:\/\/corrientesdetarde.com\/wp-content\/uploads\/2023\/09\/image-549.png\" alt=\"\" class=\"wp-image-89314\" srcset=\"https:\/\/corrientesdetarde.com\/wp-content\/uploads\/2023\/09\/image-549.png 764w, https:\/\/corrientesdetarde.com\/wp-content\/uploads\/2023\/09\/image-549-300x236.png 300w\" sizes=\"auto, (max-width: 764px) 100vw, 764px\" \/><\/figure>\n\n\n\n<figure class=\"wp-block-image size-full\"><img loading=\"lazy\" decoding=\"async\" width=\"720\" height=\"588\" src=\"https:\/\/corrientesdetarde.com\/wp-content\/uploads\/2023\/09\/image-550.png\" alt=\"\" class=\"wp-image-89315\" srcset=\"https:\/\/corrientesdetarde.com\/wp-content\/uploads\/2023\/09\/image-550.png 720w, https:\/\/corrientesdetarde.com\/wp-content\/uploads\/2023\/09\/image-550-300x245.png 300w\" sizes=\"auto, (max-width: 720px) 100vw, 720px\" \/><\/figure>\n\n\n\n<figure class=\"wp-block-image size-full\"><img loading=\"lazy\" decoding=\"async\" width=\"750\" height=\"600\" src=\"https:\/\/corrientesdetarde.com\/wp-content\/uploads\/2023\/09\/image-551.png\" alt=\"\" class=\"wp-image-89316\" srcset=\"https:\/\/corrientesdetarde.com\/wp-content\/uploads\/2023\/09\/image-551.png 750w, https:\/\/corrientesdetarde.com\/wp-content\/uploads\/2023\/09\/image-551-300x240.png 300w\" sizes=\"auto, (max-width: 750px) 100vw, 750px\" \/><\/figure>\n\n\n\n<figure class=\"wp-block-image size-full\"><img loading=\"lazy\" decoding=\"async\" width=\"800\" height=\"449\" src=\"https:\/\/corrientesdetarde.com\/wp-content\/uploads\/2023\/09\/image-552.png\" alt=\"\" class=\"wp-image-89317\" srcset=\"https:\/\/corrientesdetarde.com\/wp-content\/uploads\/2023\/09\/image-552.png 800w, https:\/\/corrientesdetarde.com\/wp-content\/uploads\/2023\/09\/image-552-300x168.png 300w, https:\/\/corrientesdetarde.com\/wp-content\/uploads\/2023\/09\/image-552-768x431.png 768w\" sizes=\"auto, (max-width: 800px) 100vw, 800px\" \/><\/figure>\n","protected":false},"excerpt":{"rendered":"<p>El Gobierno Provincial, pese a las inclemencias clim\u00e1ticas, contin\u00faa con buen ritmo&nbsp; la repavimentaci\u00f3n de calles en Itat\u00ed. Por expresas directivas del gobernador Gustavo Vald\u00e9s se dispuso incluir nuevas arterias&hellip; <\/p>\n","protected":false},"author":8,"featured_media":89318,"comment_status":"closed","ping_status":"open","sticky":false,"template":"","format":"standard","meta":{"footnotes":""},"categories":[1],"tags":[],"class_list":["post-89310","post","type-post","status-publish","format-standard","has-post-thumbnail","hentry","category-informacion-general"],"_links":{"self":[{"href":"https:\/\/corrientesdetarde.com\/index.php\/wp-json\/wp\/v2\/posts\/89310","targetHints":{"allow":["GET"]}}],"collection":[{"href":"https:\/\/corrientesdetarde.com\/index.php\/wp-json\/wp\/v2\/posts"}],"about":[{"href":"https:\/\/corrientesdetarde.com\/index.php\/wp-json\/wp\/v2\/types\/post"}],"author":[{"embeddable":true,"href":"https:\/\/corrientesdetarde.com\/index.php\/wp-json\/wp\/v2\/users\/8"}],"replies":[{"embeddable":true,"href":"https:\/\/corrientesdetarde.com\/index.php\/wp-json\/wp\/v2\/comments?post=89310"}],"version-history":[{"count":1,"href":"https:\/\/corrientesdetarde.com\/index.php\/wp-json\/wp\/v2\/posts\/89310\/revisions"}],"predecessor-version":[{"id":89319,"href":"https:\/\/corrientesdetarde.com\/index.php\/wp-json\/wp\/v2\/posts\/89310\/revisions\/89319"}],"wp:featuredmedia":[{"embeddable":true,"href":"https:\/\/corrientesdetarde.com\/index.php\/wp-json\/wp\/v2\/media\/89318"}],"wp:attachment":[{"href":"https:\/\/corrientesdetarde.com\/index.php\/wp-json\/wp\/v2\/media?parent=89310"}],"wp:term":[{"taxonomy":"category","embeddable":true,"href":"https:\/\/corrientesdetarde.com\/index.php\/wp-json\/wp\/v2\/categories?post=89310"},{"taxonomy":"post_tag","embeddable":true,"href":"https:\/\/corrientesdetarde.com\/index.php\/wp-json\/wp\/v2\/tags?post=89310"}],"curies":[{"name":"wp","href":"https:\/\/api.w.org\/{rel}","templated":true}]}}