{"id":89320,"date":"2023-09-20T16:45:08","date_gmt":"2023-09-20T19:45:08","guid":{"rendered":"https:\/\/corrientesdetarde.com\/?p=89320"},"modified":"2023-09-20T16:45:20","modified_gmt":"2023-09-20T19:45:20","slug":"tassano-habilito-obras-de-mejoras-integrales-en-la-plazoleta-stella-maris-y-el-paseo-arazaty","status":"publish","type":"post","link":"https:\/\/corrientesdetarde.com\/index.php\/locales\/tassano-habilito-obras-de-mejoras-integrales-en-la-plazoleta-stella-maris-y-el-paseo-arazaty\/","title":{"rendered":"Tassano habilit\u00f3 obras de mejoras integrales en la plazoleta Stella Maris y el paseo Arazaty"},"content":{"rendered":"\n<p><em>\u201cQueremos una ciudad sustentable, m\u00e1s bella, m\u00e1s tur\u00edstica\u201d, remarc\u00f3 el intendente al presidir sendos actos llevados a cabo este mi\u00e9rcoles. Ambos trabajos de revalorizaci\u00f3n y modernizaci\u00f3n concretados por el Municipio se articulan con las mejoras ejecutadas por la Provincia en toda la costanera General San Mart\u00edn, en el marco del programa \u201c\u00d1anderec\u00f3\u201d.<\/em><\/p>\n\n\n\n<p>El intendente Eduardo Tassano encabez\u00f3 una jornada de doble inauguraci\u00f3n de obras de mejoras integrales en espacios verdes de la ciudad, acompa\u00f1ado por el vicegobernador, Pedro Braillard Poccard;\u00a0el viceintendente, Emilio Lanari, funcionarios de su gabinete e invitados especiales. Espec\u00edficamente, este mi\u00e9rcoles se habilit\u00f3 la puesta en valor y modernizaci\u00f3n de la plazoleta Stella Maris, ubicada en avenida Juan Torres de Vera y Arag\u00f3n y calle Mendoza, como tambi\u00e9n en el paseo Arazaty, en cercan\u00edas del puente interprovincial General Manuel Belgrano.<br>Se trata de trabajos ejecutados por el Municipio que se articulan con las mejoras implementadas por la Provincia en toda la costanera General San Mart\u00edn, en el marco del programa \u201c\u00d1anderec\u00f3\u201d.<br>En este contexto, en la plazoleta Stella Maris se instalaron nuevos juegos infantiles, bancos, cestos, veredas (inclusivas, con losetas podot\u00e1ctiles), rampas, senderos, luminarias led y parada de colectivos, entre otros cambios. En el paseo cercano al puente tambi\u00e9n se colocaron nuevos bancos, cestos de basura, maceteros, luminarias led y se construyeron veredas (inclusivas), senderos y rampas.<br>Los trabajos de revalorizaci\u00f3n de la mencionada plazoleta se enmarcan adem\u00e1s en una serie de obras que ejecuta el Municipio para mejorar de forma integral los espacios verdes ubicados sobre la traza conformada por las avenidas Juan Torres de Vera y Arag\u00f3n y Poncho Verde, desde el cruce con la calle Mendoza hasta llegar a la intersecci\u00f3n con Ayacucho.<br><br>CRITERIO SUSTENTABLE<br>En principio, Tassano presidi\u00f3 el acto de inauguraci\u00f3n de las obras en la plazoleta Stella Maris, al que tambi\u00e9n asistieron el secretario de Infraestructura municipal, Math\u00edas Cabrera, legisladores provinciales, concejales, funcionarios, autoridades de la Prefectura Naval Argentina (cuya sede es lindante y apadrina el espacio verde), invitados especiales y vecinos en general.<br>Tras el momento de los discursos, del que tambi\u00e9n participaron vecinos y autoridades de la Prefectura, se procedi\u00f3 al corte de cinta y posteriormente al descubrimiento de una placa.<br>\u201cEsta obra tiene que ver con el desarrollo de los espacios urbanos con un criterio sustentable\u201d, dijo Tassano al hacer uso de la palabra en la ocasi\u00f3n. \u201cDesde el primer d\u00eda empezamos a trabajar por una ciudad sustentable que luchara contra el cambio clim\u00e1tico\u201d, record\u00f3.<br>Al respecto hizo hincapi\u00e9 en la revalorizaci\u00f3n de los espacios verdes de la ciudad, no s\u00f3lo para el disfrute de vecinos y turistas, sino tambi\u00e9n en el cuidando de \u00e1rboles y plantaci\u00f3n de ejemplares.<br>\u201cQueremos una ciudad sustentable, m\u00e1s bella, m\u00e1s tur\u00edstica como est\u00e1 siendo ahora y lo ser\u00e1 a\u00fan m\u00e1s con todos los eventos que estamos programando. Y, sobre todo, preservando la naturaleza y la historia que tiene nuestra ciudad\u201d, asever\u00f3 el intendente.<br><br>M\u00c1S QUE UN ESPACIO VERDE<br>Por su parte, el vicegobernador Pedro Braillard Poccard destac\u00f3 la recuperaci\u00f3n del espacio y record\u00f3 su larga historia, ya que all\u00ed funcionaba en su momento un dispensario.<br>\u201cEl espacio verde es mucho m\u00e1s que un espacio verde: es un lugar de reuni\u00f3n de la familia, donde concurren a pasar un tiempo de su d\u00eda y compartir. Esa es la esencia del espacio verde y el Municipio est\u00e1 llevando a cabo una muy buena pol\u00edtica de mejoras en este sentido. La iniciativa hace tambi\u00e9n a la consolidaci\u00f3n del perfil tur\u00edstico que toma Corrientes y sobre el cual trabaja muy bien la Municipalidad\u201d, valoriz\u00f3.<br><br>INFRAESTRUCTURA NECESARIA<br>En tanto, el secretario de infraestructura, Math\u00edas Cabrera se refiri\u00f3 a las obras inauguradas en la plazoleta Stella Maris diciendo: \u201cNecesit\u00e1bamos poner en valor este lugar, ofreciendo servicios e infraestructura que requiere la familia para disfrutarla\u201d.<br>Adem\u00e1s, especific\u00f3 que en el lugar se agreg\u00f3 una plaza blanda creando as\u00ed \u201cun espacio inclusivo y acorde a lo que se encuadra el plan \u00d1anderec\u00f3\u201d.<br>\u201cEn la ciudad llevamos m\u00e1s de 200 plazas intervenidas, con el mismo \u00edmpetu en todos los barrios para la mejora general de Corrientes\u201d, concluy\u00f3.<br><br>ACTO EN EL PASEO ARAZATY<br>Concluido el acto en la plazoleta Stella Maris, las autoridades se trasladaron hasta la zona del puente en donde se inauguraron las obras del paseo Arazaty.<br>\u201cEstamos en uno de los lugares m\u00e1s concurridos por los vecinos y turistas. Aqu\u00ed hemos realizado la obra de revalorizaci\u00f3n del lugar en articulaci\u00f3n con el programa \u00d1anderec\u00f3 que ejecuta el Gobierno provincial\u201d, indic\u00f3 en principio Tassano al hacer uso de la palabra.<br>En este sentido, destac\u00f3 que \u201cse intervinieron m\u00e1s de 200 espacios p\u00fablicos en la ciudad para el disfrute de la familia, de adultos y ni\u00f1os. Desde el primer d\u00eda nos propusimos mejorar los espacios p\u00fablicos y lo seguimos cumpliendo\u201d.<br>\u201cHoy podemos disfrutar de una ciudad de otro nivel. Y todo esto hace que debamos redoblar el esfuerzo para continuar mejor\u00e1ndola. Vamos a seguir trabajando en plazas, parque y paseos, siempre con criterio sustentable y aprovechando las bellezas de nuestra ciudad\u201d, sostuvo el intendente y concluy\u00f3: \u201cVamos a seguir embelleciendo a Corrientes, para todos los correntinos y visitantes\u201d.<br><br>PUESTA EN VALOR<br>El viceintendente Emilio Lanari tambi\u00e9n destac\u00f3 las obras en la plazoleta Stella Maris y del paseo Arazaty y su articulaci\u00f3n con los trabajos de la Provincia en la costanera. \u201cEs una nueva infraestructura para el disfrute de las familias, de los adultos y de los ni\u00f1os. Con bancos y pisos nuevos, como tambi\u00e9n con iluminaci\u00f3n led y arbolado que embellece a\u00fan m\u00e1s la zona\u201d, remarc\u00f3.<br>\u201cEsta es la puesta en valor de distintas plazas y paseos, para consolidar a Corrientes como ciudad tur\u00edstica\u201d, concluy\u00f3 Lanari.<br>Finalmente, el secretario de Infraestructura, Math\u00edas Cabrera se\u00f1al\u00f3 sobre las obras del paseo Arazaty\u00a0que \u201cbuscamos imitar lo que venimos haciendo en los diferentes espacios, resguardando la historia\u201d. Adem\u00e1s, agreg\u00f3: \u201cAqu\u00ed se centr\u00f3 el primer puerto de la ciudad y tuvo eje la cuesti\u00f3n de la Cruz de los Milagros\u201d.<br>\u201cCon esto le estamos dando un salto de calidad sin quitarle su historia\u201d, afirm\u00f3 y para concluir indic\u00f3: \u201cAhora contamos con pisos acondicionados en la zona a sabiendas que esta es una de las vidrieras de la ciudad\u201d.<\/p>\n\n\n\n<figure class=\"wp-block-embed is-type-video is-provider-youtube wp-block-embed-youtube wp-embed-aspect-16-9 wp-has-aspect-ratio\"><div class=\"wp-block-embed__wrapper\">\n<iframe loading=\"lazy\" title=\"Tassano inaugur\u00f3 obras de mejoras integrales en la plazoleta Stella Maris y el paseo Arazaty\" width=\"1110\" height=\"624\" src=\"https:\/\/www.youtube.com\/embed\/PqW65lCx6-g?feature=oembed\" frameborder=\"0\" allow=\"accelerometer; autoplay; clipboard-write; encrypted-media; gyroscope; picture-in-picture; web-share\" allowfullscreen><\/iframe>\n<\/div><\/figure>\n\n\n\n<figure class=\"wp-block-image size-large\"><img loading=\"lazy\" decoding=\"async\" width=\"1024\" height=\"683\" src=\"https:\/\/corrientesdetarde.com\/wp-content\/uploads\/2023\/09\/image-553-1024x683.png\" alt=\"\" class=\"wp-image-89321\" srcset=\"https:\/\/corrientesdetarde.com\/wp-content\/uploads\/2023\/09\/image-553-1024x683.png 1024w, https:\/\/corrientesdetarde.com\/wp-content\/uploads\/2023\/09\/image-553-300x200.png 300w, https:\/\/corrientesdetarde.com\/wp-content\/uploads\/2023\/09\/image-553-768x512.png 768w, https:\/\/corrientesdetarde.com\/wp-content\/uploads\/2023\/09\/image-553.png 1260w\" sizes=\"auto, (max-width: 1024px) 100vw, 1024px\" \/><\/figure>\n\n\n\n<figure class=\"wp-block-image size-large\"><img loading=\"lazy\" decoding=\"async\" width=\"1024\" height=\"683\" src=\"https:\/\/corrientesdetarde.com\/wp-content\/uploads\/2023\/09\/image-555-1024x683.png\" alt=\"\" class=\"wp-image-89323\" srcset=\"https:\/\/corrientesdetarde.com\/wp-content\/uploads\/2023\/09\/image-555-1024x683.png 1024w, https:\/\/corrientesdetarde.com\/wp-content\/uploads\/2023\/09\/image-555-300x200.png 300w, https:\/\/corrientesdetarde.com\/wp-content\/uploads\/2023\/09\/image-555-768x512.png 768w, https:\/\/corrientesdetarde.com\/wp-content\/uploads\/2023\/09\/image-555.png 1260w\" sizes=\"auto, (max-width: 1024px) 100vw, 1024px\" \/><\/figure>\n\n\n\n<figure class=\"wp-block-image size-large\"><img loading=\"lazy\" decoding=\"async\" width=\"1024\" height=\"683\" src=\"https:\/\/corrientesdetarde.com\/wp-content\/uploads\/2023\/09\/image-554-1024x683.png\" alt=\"\" class=\"wp-image-89322\" srcset=\"https:\/\/corrientesdetarde.com\/wp-content\/uploads\/2023\/09\/image-554-1024x683.png 1024w, https:\/\/corrientesdetarde.com\/wp-content\/uploads\/2023\/09\/image-554-300x200.png 300w, https:\/\/corrientesdetarde.com\/wp-content\/uploads\/2023\/09\/image-554-768x512.png 768w, https:\/\/corrientesdetarde.com\/wp-content\/uploads\/2023\/09\/image-554.png 1260w\" sizes=\"auto, (max-width: 1024px) 100vw, 1024px\" \/><\/figure>\n\n\n\n<figure class=\"wp-block-image size-large\"><img loading=\"lazy\" decoding=\"async\" width=\"1024\" height=\"683\" src=\"https:\/\/corrientesdetarde.com\/wp-content\/uploads\/2023\/09\/image-557-1024x683.png\" alt=\"\" class=\"wp-image-89325\" srcset=\"https:\/\/corrientesdetarde.com\/wp-content\/uploads\/2023\/09\/image-557-1024x683.png 1024w, https:\/\/corrientesdetarde.com\/wp-content\/uploads\/2023\/09\/image-557-300x200.png 300w, https:\/\/corrientesdetarde.com\/wp-content\/uploads\/2023\/09\/image-557-768x512.png 768w, https:\/\/corrientesdetarde.com\/wp-content\/uploads\/2023\/09\/image-557.png 1260w\" sizes=\"auto, (max-width: 1024px) 100vw, 1024px\" \/><\/figure>\n\n\n\n<figure class=\"wp-block-image size-large\"><img loading=\"lazy\" decoding=\"async\" width=\"1024\" height=\"683\" src=\"https:\/\/corrientesdetarde.com\/wp-content\/uploads\/2023\/09\/image-556-1024x683.png\" alt=\"\" class=\"wp-image-89324\" srcset=\"https:\/\/corrientesdetarde.com\/wp-content\/uploads\/2023\/09\/image-556-1024x683.png 1024w, https:\/\/corrientesdetarde.com\/wp-content\/uploads\/2023\/09\/image-556-300x200.png 300w, https:\/\/corrientesdetarde.com\/wp-content\/uploads\/2023\/09\/image-556-768x512.png 768w, https:\/\/corrientesdetarde.com\/wp-content\/uploads\/2023\/09\/image-556.png 1260w\" sizes=\"auto, (max-width: 1024px) 100vw, 1024px\" \/><\/figure>\n\n\n\n<figure class=\"wp-block-image size-large\"><img loading=\"lazy\" decoding=\"async\" width=\"1024\" height=\"683\" src=\"https:\/\/corrientesdetarde.com\/wp-content\/uploads\/2023\/09\/image-558-1024x683.png\" alt=\"\" class=\"wp-image-89326\" srcset=\"https:\/\/corrientesdetarde.com\/wp-content\/uploads\/2023\/09\/image-558-1024x683.png 1024w, https:\/\/corrientesdetarde.com\/wp-content\/uploads\/2023\/09\/image-558-300x200.png 300w, https:\/\/corrientesdetarde.com\/wp-content\/uploads\/2023\/09\/image-558-768x512.png 768w, https:\/\/corrientesdetarde.com\/wp-content\/uploads\/2023\/09\/image-558.png 1260w\" sizes=\"auto, (max-width: 1024px) 100vw, 1024px\" \/><\/figure>\n\n\n\n<figure class=\"wp-block-image size-large\"><img loading=\"lazy\" decoding=\"async\" width=\"1024\" height=\"683\" src=\"https:\/\/corrientesdetarde.com\/wp-content\/uploads\/2023\/09\/image-559-1024x683.png\" alt=\"\" class=\"wp-image-89327\" srcset=\"https:\/\/corrientesdetarde.com\/wp-content\/uploads\/2023\/09\/image-559-1024x683.png 1024w, https:\/\/corrientesdetarde.com\/wp-content\/uploads\/2023\/09\/image-559-300x200.png 300w, https:\/\/corrientesdetarde.com\/wp-content\/uploads\/2023\/09\/image-559-768x512.png 768w, https:\/\/corrientesdetarde.com\/wp-content\/uploads\/2023\/09\/image-559.png 1260w\" sizes=\"auto, (max-width: 1024px) 100vw, 1024px\" \/><\/figure>\n","protected":false},"excerpt":{"rendered":"<p>\u201cQueremos una ciudad sustentable, m\u00e1s bella, m\u00e1s tur\u00edstica\u201d, remarc\u00f3 el intendente al presidir sendos actos llevados a cabo este mi\u00e9rcoles. Ambos trabajos de revalorizaci\u00f3n y modernizaci\u00f3n concretados por el Municipio&hellip; <\/p>\n","protected":false},"author":8,"featured_media":89321,"comment_status":"closed","ping_status":"open","sticky":false,"template":"","format":"standard","meta":{"footnotes":""},"categories":[8],"tags":[],"class_list":["post-89320","post","type-post","status-publish","format-standard","has-post-thumbnail","hentry","category-locales"],"_links":{"self":[{"href":"https:\/\/corrientesdetarde.com\/index.php\/wp-json\/wp\/v2\/posts\/89320","targetHints":{"allow":["GET"]}}],"collection":[{"href":"https:\/\/corrientesdetarde.com\/index.php\/wp-json\/wp\/v2\/posts"}],"about":[{"href":"https:\/\/corrientesdetarde.com\/index.php\/wp-json\/wp\/v2\/types\/post"}],"author":[{"embeddable":true,"href":"https:\/\/corrientesdetarde.com\/index.php\/wp-json\/wp\/v2\/users\/8"}],"replies":[{"embeddable":true,"href":"https:\/\/corrientesdetarde.com\/index.php\/wp-json\/wp\/v2\/comments?post=89320"}],"version-history":[{"count":1,"href":"https:\/\/corrientesdetarde.com\/index.php\/wp-json\/wp\/v2\/posts\/89320\/revisions"}],"predecessor-version":[{"id":89328,"href":"https:\/\/corrientesdetarde.com\/index.php\/wp-json\/wp\/v2\/posts\/89320\/revisions\/89328"}],"wp:featuredmedia":[{"embeddable":true,"href":"https:\/\/corrientesdetarde.com\/index.php\/wp-json\/wp\/v2\/media\/89321"}],"wp:attachment":[{"href":"https:\/\/corrientesdetarde.com\/index.php\/wp-json\/wp\/v2\/media?parent=89320"}],"wp:term":[{"taxonomy":"category","embeddable":true,"href":"https:\/\/corrientesdetarde.com\/index.php\/wp-json\/wp\/v2\/categories?post=89320"},{"taxonomy":"post_tag","embeddable":true,"href":"https:\/\/corrientesdetarde.com\/index.php\/wp-json\/wp\/v2\/tags?post=89320"}],"curies":[{"name":"wp","href":"https:\/\/api.w.org\/{rel}","templated":true}]}}