{"id":89329,"date":"2023-09-20T16:48:55","date_gmt":"2023-09-20T19:48:55","guid":{"rendered":"https:\/\/corrientesdetarde.com\/?p=89329"},"modified":"2023-09-20T16:49:07","modified_gmt":"2023-09-20T19:49:07","slug":"tras-la-media-sancion-en-diputados-el-senado-apura-el-tratamiento-de-los-cambios-en-ganancias","status":"publish","type":"post","link":"https:\/\/corrientesdetarde.com\/index.php\/politica\/tras-la-media-sancion-en-diputados-el-senado-apura-el-tratamiento-de-los-cambios-en-ganancias\/","title":{"rendered":"Tras la media sanci\u00f3n en Diputados, el Senado apura el tratamiento de los cambios en Ganancias"},"content":{"rendered":"\n<p>El proyecto ya fue enviado al Senado y este jueves ser\u00e1 tratado en la Comisi\u00f3n de Presupuesto y Hacienda.<\/p>\n\n\n\n<p>El proyecto de modificaciones del Impuesto a las Ganancias obtuvo el martes por la noche media sanci\u00f3n en Diputados y ya fue enviado al Senado.<strong>\u00a0Este jueves ser\u00e1 tratado en la Comisi\u00f3n de Presupuesto y Hacienda,\u00a0<\/strong>donde podr\u00eda llegar a obtener dictamen si el oficialismo logra el apoyo de los monobloques y del bloque de Unidad Federal.<\/p>\n\n\n\n<p>La comisi\u00f3n est\u00e1 estipulada para las 16 de este jueves, y el objetivo del kirchnerismo es emitir dictamen para poder debatir el tema la semana que viene. El temario&nbsp;<strong>tambi\u00e9n incluir\u00eda la modificaci\u00f3n de la ley de Alquileres y los pliegos judiciales.<\/strong><\/p>\n\n\n\n<p>A menos de un mes de las elecciones generales, Senadores y Diputados podr\u00edan sesionar la misma semana, hecho que no ocurre hace tiempo.<\/p>\n\n\n\n<figure class=\"wp-block-image\"><img decoding=\"async\" src=\"https:\/\/tn.com.ar\/resizer\/woQEk_7FSBRpUxn-_V4BLBhsMhQ=\/767x0\/smart\/filters:format(webp)\/cloudfront-us-east-1.images.arcpublishing.com\/artear\/WRDGLMKQXZFUFOEIEEYEEJMDQE.jpg\" alt=\"El oficialismo busca tratar el proyecto en los pr\u00f3ximos siete d\u00edas. (Foto: T\u00e9lam).\"\/><\/figure>\n\n\n\n<p>A diferencia de otros proyectos presentados en los \u00faltimos dos a\u00f1os, que tardaron meses en poder llegar al recinto. El&nbsp;<strong>proyecto<\/strong>&nbsp;que Massa present\u00f3 para modificar el r\u00e9gimen de&nbsp;<strong>Ganancias<\/strong>&nbsp;a partir del 2024 pas\u00f3 a comisi\u00f3n en cuesti\u00f3n de horas y podr\u00eda ser tratado en la C\u00e1mara Alta en la misma semana.<\/p>\n\n\n\n<h2 class=\"wp-block-heading\">Especulaciones, campa\u00f1a y reproches en JxC<\/h2>\n\n\n\n<p>Desde el oficialismo, buscan que el proyecto de ley se trate en el Senado dentro de los pr\u00f3ximos siete d\u00edas. Seg\u00fan especulan, estar\u00edan con los n\u00fameros justos para obtener el qu\u00f3rum y poder aprobarlo.<\/p>\n\n\n\n<p>Aunque, al igual que lo ocurrido en Diputados, Juntos por el Cambio podr\u00eda votar en contra. Patricia Bullrich, durante su exposici\u00f3n en el Consejo Interamericano de Comercio y Producci\u00f3n (CICyP), apunt\u00f3 directamente contra el ministro de Econom\u00eda y actual candidato a presidente por el oficialismo y asegur\u00f3 que enviar el proyecto al recinto en plena campa\u00f1a es una medida \u201cmeramente electoralista\u201d.<\/p>\n\n\n\n<p>\u201cTenemos enfrente un candidato que ayer, con total<strong>&nbsp;irresponsabilidad,&nbsp;<\/strong>agarr\u00f3 la pala y<strong>&nbsp;profundiz\u00f3 el pozo<\/strong>&nbsp;profundo en el que estamos, total, alguien va a venir a arreglarlo\u201d, dijo la candidata de JxC.<\/p>\n\n\n\n<figure class=\"wp-block-image\"><img decoding=\"async\" src=\"https:\/\/tn.com.ar\/resizer\/06_fudPu_j-0hl7HLkBG2LR8i2M=\/767x0\/smart\/filters:format(webp)\/cloudfront-us-east-1.images.arcpublishing.com\/artear\/CHEB7KNAP5HAPBMLLH6WH4GORU.jpg\" alt=\"Patricia Bullrich apunt\u00f3 contra Massa y lo culpabiliz\u00f3 de &quot;profundizar el pozo&quot; en el que se encuentra el pa\u00eds. (Foto: TN\/Leandro Heredia)\"\/><\/figure>\n\n\n\n<p>Tambi\u00e9n, quiso marcar una diferencia entre su partido y el de Uni\u00f3n por la Patria e indic\u00f3 que \u201cno va a haber quejas de lo recibido\u201d: \u201cSi no estuviera preparada para solucionar los problemas del pa\u00eds, no habr\u00eda sido candidata a presidente\u201d, y agreg\u00f3: \u201cNo vamos a poder convencer a los irresponsables para que dejen de romper todo\u201d.<\/p>\n\n\n\n<p>A pesar de que Juntos por el Cambio hab\u00eda advertido que iba a votar en contra de la modificaci\u00f3n, hubo cuatro de los 12 diputados del bloque de Evoluci\u00f3n Radical que dieron su voto positivo a la reforma y generaron tensiones dentro del partido.<\/p>\n\n\n\n<p>Fue el mismo Mauricio Macri, quien cuestion\u00f3 y tild\u00f3 de \u201cirresponsable\u201d el acto. A su vez, se refiri\u00f3 a la rebaja impositiva impulsada por Massa y la calific\u00f3 como un \u201cmamarracho electoral, que acerca a la Argentina a la hiperinflaci\u00f3n\u201d, y cuestion\u00f3 que \u201cel populismo es contagioso\u201d. A su vez, advirti\u00f3 que \u201cla inflaci\u00f3n mayorista est\u00e1 en un 133,4%\u201d, en declaraciones a radio&nbsp;<em>Cadena 3<\/em>.<\/p>\n\n\n\n<p>A partir de estas declaraciones, Brouwer de Koning, una de las legisladoras que dio su voto a favor de la reforma, sali\u00f3 a responderle al expresidente: \u201cAc\u00e1 no hay ning\u00fan populismo, decir eso es simplificar\u201d, en declaraciones a las radios Nacional Rock y Futur\u00f6ck.<\/p>\n","protected":false},"excerpt":{"rendered":"<p>El proyecto ya fue enviado al Senado y este jueves ser\u00e1 tratado en la Comisi\u00f3n de Presupuesto y Hacienda. El proyecto de modificaciones del Impuesto a las Ganancias obtuvo el&hellip; <\/p>\n","protected":false},"author":8,"featured_media":89330,"comment_status":"closed","ping_status":"open","sticky":false,"template":"","format":"standard","meta":{"footnotes":""},"categories":[3],"tags":[],"class_list":["post-89329","post","type-post","status-publish","format-standard","has-post-thumbnail","hentry","category-politica"],"_links":{"self":[{"href":"https:\/\/corrientesdetarde.com\/index.php\/wp-json\/wp\/v2\/posts\/89329","targetHints":{"allow":["GET"]}}],"collection":[{"href":"https:\/\/corrientesdetarde.com\/index.php\/wp-json\/wp\/v2\/posts"}],"about":[{"href":"https:\/\/corrientesdetarde.com\/index.php\/wp-json\/wp\/v2\/types\/post"}],"author":[{"embeddable":true,"href":"https:\/\/corrientesdetarde.com\/index.php\/wp-json\/wp\/v2\/users\/8"}],"replies":[{"embeddable":true,"href":"https:\/\/corrientesdetarde.com\/index.php\/wp-json\/wp\/v2\/comments?post=89329"}],"version-history":[{"count":1,"href":"https:\/\/corrientesdetarde.com\/index.php\/wp-json\/wp\/v2\/posts\/89329\/revisions"}],"predecessor-version":[{"id":89331,"href":"https:\/\/corrientesdetarde.com\/index.php\/wp-json\/wp\/v2\/posts\/89329\/revisions\/89331"}],"wp:featuredmedia":[{"embeddable":true,"href":"https:\/\/corrientesdetarde.com\/index.php\/wp-json\/wp\/v2\/media\/89330"}],"wp:attachment":[{"href":"https:\/\/corrientesdetarde.com\/index.php\/wp-json\/wp\/v2\/media?parent=89329"}],"wp:term":[{"taxonomy":"category","embeddable":true,"href":"https:\/\/corrientesdetarde.com\/index.php\/wp-json\/wp\/v2\/categories?post=89329"},{"taxonomy":"post_tag","embeddable":true,"href":"https:\/\/corrientesdetarde.com\/index.php\/wp-json\/wp\/v2\/tags?post=89329"}],"curies":[{"name":"wp","href":"https:\/\/api.w.org\/{rel}","templated":true}]}}