{"id":89332,"date":"2023-09-20T16:51:35","date_gmt":"2023-09-20T19:51:35","guid":{"rendered":"https:\/\/corrientesdetarde.com\/?p=89332"},"modified":"2023-09-20T16:56:25","modified_gmt":"2023-09-20T19:56:25","slug":"en-plena-campana-la-justicia-se-metio-en-el-barro-politico-con-tres-senalamientos-de-alto-voltaje","status":"publish","type":"post","link":"https:\/\/corrientesdetarde.com\/index.php\/nacionales\/en-plena-campana-la-justicia-se-metio-en-el-barro-politico-con-tres-senalamientos-de-alto-voltaje\/","title":{"rendered":"En plena campa\u00f1a, la Justicia se meti\u00f3 en el barro pol\u00edtico con tres se\u00f1alamientos de alto voltaje"},"content":{"rendered":"\n<p>Con pocos d\u00edas de diferencia, la Corte Suprema y la C\u00e1mara de Casaci\u00f3n salieron a marcarle la cancha a Javier Milei, a Cristina Kirchner y a toda la dirigencia pol\u00edtica.<\/p>\n\n\n\n<p><a href=\"https:\/\/tn.com.ar\/autor\/AdrianVentura\/\"><\/a>El&nbsp;<strong>Poder Judicial<\/strong>&nbsp;parece dispuesto a meterse en el barro en plena campa\u00f1a rumbo a las elecciones&nbsp;. Con pocos d\u00edas de diferencia, la&nbsp;<strong>Corte Suprema<\/strong>&nbsp;y la&nbsp;<strong>C\u00e1mara de Casaci\u00f3n<\/strong>&nbsp;hicieron se\u00f1alamientos muy importantes, de alto contenido pol\u00edtico. Uno vinculado al proyecto&nbsp;Javier Milei para dolarizar la econom\u00eda y otro respecto de las causas de corrupci\u00f3n que salpican a&nbsp;Cristina Kirchner.<\/p>\n\n\n\n<p>La advertencia para Milei vino de parte de&nbsp;<strong>Horacio Rosatti<\/strong>, pero no en nombre del m\u00e1ximo tribunal, la instituci\u00f3n que preside; sino<strong>&nbsp;a t\u00edtulo personal<\/strong>. Dijo que \u201csi una dolarizaci\u00f3n&nbsp;<strong>elimina la moneda<\/strong>&nbsp;argentina es&nbsp;<strong>inconstitucional\u201d<\/strong>.<\/p>\n\n\n\n<p>Es decir, se\u00f1al\u00f3 que&nbsp;<strong>la Constituci\u00f3n exige que el Congreso sea el que fije el valor de la moneda<\/strong>&nbsp;y que haya una moneda nacional emitida por un banco en suelo argentino. De todas formas, Rosatti&nbsp;<strong>dej\u00f3 la puerta abierta al bimonetarismo<\/strong>&nbsp;o a la existencia de una canasta de monedas con la que el peso pueda sobrevivir.<\/p>\n\n\n\n<p>Si bien cuestion\u00f3 la \u201cemisi\u00f3n descontrolada\u201d de pesos,&nbsp;<strong>es una novedad que Rosatti ataque a Milei<\/strong>&nbsp;respecto de una de sus principales propuestas, como lo es la dolarizaci\u00f3n.<\/p>\n\n\n\n<figure class=\"wp-block-image\"><img decoding=\"async\" src=\"https:\/\/tn.com.ar\/resizer\/ZrjT0e5zJQgaSxQj9XMzy94o8_8=\/767x0\/smart\/filters:format(webp)\/cloudfront-us-east-1.images.arcpublishing.com\/artear\/LB5JJWRSA5HSVKX6RXAVO4OS4A.webp\" alt=\"Los integrantes de la Corte Suprema: Juan Carlos Maqueda, Horacio Rosatti, Carlos Rosenkrantz y Ricardo Lorenzetti deben decidir ante el pedido del campo. (Foto: Centro de Informaci\u00f3n Judicial).\"\/><\/figure>\n\n\n\n<p>A partir de esta situaci\u00f3n, cualquiera podr\u00eda preguntarse&nbsp;<strong>si la Corte no est\u00e1 incurriendo en un tema pol\u00edtico<\/strong>. Pero en definitiva, son los jueces los que terminan interpretando la Constituci\u00f3n, y Rosatti no hizo m\u00e1s que recordar algo que ya hab\u00eda planteado en sus fallos y sus libros.<\/p>\n\n\n\n<p>Otro de los se\u00f1alamientos vino de la Corte Suprema en su totalidad, al&nbsp;<strong>rechazar una impugnaci\u00f3n a la \u201cLey del arrepentido\u201d<\/strong>. As\u00ed,&nbsp;<strong>la causa de los Cuadernos de la corrupci\u00f3n no tiene ning\u00fan obst\u00e1culo<\/strong>&nbsp;para seguir avanzando. Fue una forma de decirle a los jueces que investiguen y no se escuden en la posible inconstitucionalidad de la ley del arrepentido.<\/p>\n\n\n\n<p>Ahora, claro, todo depender\u00e1 del ritmo que los jueces decidan imponerle a esa causa: se sabe que en la Argentina&nbsp;<strong>las causas por la corrupci\u00f3n demoran d\u00e9cadas<\/strong>&nbsp;y se van diluyendo en el tiempo. Pero con la Ley del arrepentido hubo muchas confesiones y es ins\u00f3lito que a esta altura, despu\u00e9s de tantos a\u00f1os, todav\u00eda no se condenara a nadie.<\/p>\n\n\n\n<p>El tercer se\u00f1alamiento sali\u00f3 de la&nbsp;<strong>C\u00e1mara de Casaci\u00f3n<\/strong>, vinculado con&nbsp;<strong>Hotesur-Los Sauces&nbsp;<\/strong>y<strong>&nbsp;memor\u00e1ndum con Ir\u00e1n<\/strong>, dos causas que Cristina Kirchner no quer\u00eda que se reabrieran.<\/p>\n\n\n\n<p>Vale recordar que, para protegerse, la Vicepresidenta quer\u00eda volver a instalar en la c\u00e1mara a la jueza&nbsp;<strong>Ana Mar\u00eda Figueroa<\/strong>. Pero la C\u00e1mara de Casaci\u00f3n, sin darle a tiempo a CFK para que reinstale a Figueroa (despu\u00e9s de que la Corte la corriera), se apur\u00f3 y sali\u00f3 a decir que esas causas tienen que ser juzgadas,&nbsp;<strong>anulando los dos sobreseimientos<\/strong>.<\/p>\n\n\n\n<p>En este contexto,&nbsp;<strong>se abre una puerta de incertidumbre<\/strong>&nbsp;en el&nbsp;<strong>ocaso pol\u00edtico de Cristina Kirchner<\/strong>. Si bien esos juicios orales van a tardar uno o dos a\u00f1os en poder comenzar, estos van a ser llevados adelante&nbsp;<strong>cuando ella posiblemente ya no est\u00e9 en el poder, sino en franco declive.<\/strong><\/p>\n","protected":false},"excerpt":{"rendered":"<p>Con pocos d\u00edas de diferencia, la Corte Suprema y la C\u00e1mara de Casaci\u00f3n salieron a marcarle la cancha a Javier Milei, a Cristina Kirchner y a toda la dirigencia pol\u00edtica.&hellip; <\/p>\n","protected":false},"author":8,"featured_media":89333,"comment_status":"closed","ping_status":"open","sticky":false,"template":"","format":"standard","meta":{"footnotes":""},"categories":[10],"tags":[],"class_list":["post-89332","post","type-post","status-publish","format-standard","has-post-thumbnail","hentry","category-nacionales"],"_links":{"self":[{"href":"https:\/\/corrientesdetarde.com\/index.php\/wp-json\/wp\/v2\/posts\/89332","targetHints":{"allow":["GET"]}}],"collection":[{"href":"https:\/\/corrientesdetarde.com\/index.php\/wp-json\/wp\/v2\/posts"}],"about":[{"href":"https:\/\/corrientesdetarde.com\/index.php\/wp-json\/wp\/v2\/types\/post"}],"author":[{"embeddable":true,"href":"https:\/\/corrientesdetarde.com\/index.php\/wp-json\/wp\/v2\/users\/8"}],"replies":[{"embeddable":true,"href":"https:\/\/corrientesdetarde.com\/index.php\/wp-json\/wp\/v2\/comments?post=89332"}],"version-history":[{"count":2,"href":"https:\/\/corrientesdetarde.com\/index.php\/wp-json\/wp\/v2\/posts\/89332\/revisions"}],"predecessor-version":[{"id":89339,"href":"https:\/\/corrientesdetarde.com\/index.php\/wp-json\/wp\/v2\/posts\/89332\/revisions\/89339"}],"wp:featuredmedia":[{"embeddable":true,"href":"https:\/\/corrientesdetarde.com\/index.php\/wp-json\/wp\/v2\/media\/89333"}],"wp:attachment":[{"href":"https:\/\/corrientesdetarde.com\/index.php\/wp-json\/wp\/v2\/media?parent=89332"}],"wp:term":[{"taxonomy":"category","embeddable":true,"href":"https:\/\/corrientesdetarde.com\/index.php\/wp-json\/wp\/v2\/categories?post=89332"},{"taxonomy":"post_tag","embeddable":true,"href":"https:\/\/corrientesdetarde.com\/index.php\/wp-json\/wp\/v2\/tags?post=89332"}],"curies":[{"name":"wp","href":"https:\/\/api.w.org\/{rel}","templated":true}]}}