{"id":89340,"date":"2023-09-20T17:09:37","date_gmt":"2023-09-20T20:09:37","guid":{"rendered":"https:\/\/corrientesdetarde.com\/?p=89340"},"modified":"2023-09-20T17:09:48","modified_gmt":"2023-09-20T20:09:48","slug":"alberto-volvio-de-su-gira-mundial-y-massa-sigue-sin-poder-controlar-los-precios","status":"publish","type":"post","link":"https:\/\/corrientesdetarde.com\/index.php\/politica\/alberto-volvio-de-su-gira-mundial-y-massa-sigue-sin-poder-controlar-los-precios\/","title":{"rendered":"Alberto volvi\u00f3 de su gira mundial y Massa sigue sin poder controlar los precios"},"content":{"rendered":"\n<p><strong>Por Juan Pablo Peralta desde Casa Rosada<\/strong><\/p>\n\n\n\n<figure class=\"wp-block-embed is-type-video is-provider-youtube wp-block-embed-youtube wp-embed-aspect-16-9 wp-has-aspect-ratio\"><div class=\"wp-block-embed__wrapper\">\n<iframe loading=\"lazy\" title=\"Alberto volvi\u00f3 de su gira mundial y Massa sigue sin poder controlar los precios\" width=\"1110\" height=\"624\" src=\"https:\/\/www.youtube.com\/embed\/fPSzGmjJdNk?feature=oembed\" frameborder=\"0\" allow=\"accelerometer; autoplay; clipboard-write; encrypted-media; gyroscope; picture-in-picture; web-share\" allowfullscreen><\/iframe>\n<\/div><\/figure>\n\n\n\n<p>Despu\u00e9s de estar en el G2O en India, el G77 en Cuba y la Asamblea General de las Naciones Unidas, el presiente Alberto Fern\u00e1ndez retorn\u00f3 de su extensa costoso excursi\u00f3n internacional, aunque no tuvo agendas de trabajo, al igual que todos sus funcionarios y colaboradores. Por su parte, el candidato oficialista y ministro de Econom\u00eda, Sergio Massa, celebr\u00f3 la media sanci\u00f3n de la suba del m\u00ednimo no imponible en la C\u00e1mara baja pero recibi\u00f3 nuevos datos negativos en materia de precios mayoristas, que seg\u00fan el INDEC, treparon un 18,7%.<\/p>\n","protected":false},"excerpt":{"rendered":"<p>Por Juan Pablo Peralta desde Casa Rosada Despu\u00e9s de estar en el G2O en India, el G77 en Cuba y la Asamblea General de las Naciones Unidas, el presiente Alberto&hellip; <\/p>\n","protected":false},"author":11,"featured_media":89341,"comment_status":"closed","ping_status":"open","sticky":false,"template":"","format":"standard","meta":{"footnotes":""},"categories":[3],"tags":[],"class_list":["post-89340","post","type-post","status-publish","format-standard","has-post-thumbnail","hentry","category-politica"],"_links":{"self":[{"href":"https:\/\/corrientesdetarde.com\/index.php\/wp-json\/wp\/v2\/posts\/89340","targetHints":{"allow":["GET"]}}],"collection":[{"href":"https:\/\/corrientesdetarde.com\/index.php\/wp-json\/wp\/v2\/posts"}],"about":[{"href":"https:\/\/corrientesdetarde.com\/index.php\/wp-json\/wp\/v2\/types\/post"}],"author":[{"embeddable":true,"href":"https:\/\/corrientesdetarde.com\/index.php\/wp-json\/wp\/v2\/users\/11"}],"replies":[{"embeddable":true,"href":"https:\/\/corrientesdetarde.com\/index.php\/wp-json\/wp\/v2\/comments?post=89340"}],"version-history":[{"count":1,"href":"https:\/\/corrientesdetarde.com\/index.php\/wp-json\/wp\/v2\/posts\/89340\/revisions"}],"predecessor-version":[{"id":89342,"href":"https:\/\/corrientesdetarde.com\/index.php\/wp-json\/wp\/v2\/posts\/89340\/revisions\/89342"}],"wp:featuredmedia":[{"embeddable":true,"href":"https:\/\/corrientesdetarde.com\/index.php\/wp-json\/wp\/v2\/media\/89341"}],"wp:attachment":[{"href":"https:\/\/corrientesdetarde.com\/index.php\/wp-json\/wp\/v2\/media?parent=89340"}],"wp:term":[{"taxonomy":"category","embeddable":true,"href":"https:\/\/corrientesdetarde.com\/index.php\/wp-json\/wp\/v2\/categories?post=89340"},{"taxonomy":"post_tag","embeddable":true,"href":"https:\/\/corrientesdetarde.com\/index.php\/wp-json\/wp\/v2\/tags?post=89340"}],"curies":[{"name":"wp","href":"https:\/\/api.w.org\/{rel}","templated":true}]}}